{"id":1284,"date":"2021-11-04T17:59:00","date_gmt":"2021-11-04T16:59:00","guid":{"rendered":"http:\/\/www.archives.nat.tn\/?p=1284"},"modified":"2022-05-12T18:01:48","modified_gmt":"2022-05-12T16:01:48","slug":"hommage-a-hachemi-troudi-et-a-sa-famille-et-presentation-de-son-livre-azizati-houriya","status":"publish","type":"post","link":"https:\/\/www.archives.nat.tn\/fr\/hommage-a-hachemi-troudi-et-a-sa-famille-et-presentation-de-son-livre-azizati-houriya\/","title":{"rendered":"Hommage \u00e0 Hachemi troudi et \u00e0 sa famille et pr\u00e9sentation de son livre \u00ab\u00a0AZIZATI HOURIYA\u00a0\u00bb"},"content":{"rendered":"\n<p>hommage \u00e0 Hachemi troudi et \u00e0 sa famille et pr\u00e9sentation de son livre \u00ab\u00a0AZIZATI HOURIYA\u00a0\u00bb \u00e0 l\u2019occasion de la remise de ses archives et de sa biblioth\u00e8que aux archives<br>nationales de Tunisie.<\/p>\n","protected":false},"excerpt":{"rendered":"<p>hommage \u00e0 Hachemi troudi et \u00e0 sa famille et pr\u00e9sentation de son livre \u00ab\u00a0AZIZATI HOURIYA\u00a0\u00bb \u00e0 l\u2019occasion de la remise de ses archives et de sa biblioth\u00e8que aux archivesnationales de Tunisie.<\/p>\n","protected":false},"author":1,"featured_media":1285,"comment_status":"closed","ping_status":"closed","sticky":false,"template":"","format":"standard","meta":{"_monsterinsights_skip_tracking":false,"_monsterinsights_sitenote_active":false,"_monsterinsights_sitenote_note":"","_monsterinsights_sitenote_category":0,"footnotes":""},"categories":[79],"tags":[],"class_list":["post-1284","post","type-post","status-publish","format-standard","has-post-thumbnail","hentry","category-actualites"],"yoast_head":"<!-- This site is optimized with the Yoast SEO plugin v26.0 - https:\/\/yoast.com\/wordpress\/plugins\/seo\/ -->\n<title>Hommage \u00e0 Hachemi troudi et \u00e0 sa famille et pr\u00e9sentation de son livre \u00ab\u00a0AZIZATI HOURIYA\u00a0\u00bb - Archives Nationales de Tunisie<\/title>\n<meta name=\"robots\" content=\"index, follow, max-snippet:-1, max-image-preview:large, max-video-preview:-1\" \/>\n<link rel=\"canonical\" href=\"https:\/\/www.archives.nat.tn\/fr\/hommage-a-hachemi-troudi-et-a-sa-famille-et-presentation-de-son-livre-azizati-houriya\/\" \/>\n<meta property=\"og:locale\" content=\"fr_FR\" \/>\n<meta property=\"og:type\" content=\"article\" \/>\n<meta property=\"og:title\" content=\"Hommage \u00e0 Hachemi troudi et \u00e0 sa famille et pr\u00e9sentation de son livre \u00ab\u00a0AZIZATI HOURIYA\u00a0\u00bb - Archives Nationales de Tunisie\" \/>\n<meta property=\"og:description\" content=\"hommage \u00e0 Hachemi troudi et \u00e0 sa famille et pr\u00e9sentation de son livre \u00ab\u00a0AZIZATI HOURIYA\u00a0\u00bb \u00e0 l\u2019occasion de la remise de ses archives et de sa biblioth\u00e8que aux archivesnationales de Tunisie.\" \/>\n<meta property=\"og:url\" content=\"https:\/\/www.archives.nat.tn\/fr\/hommage-a-hachemi-troudi-et-a-sa-famille-et-presentation-de-son-livre-azizati-houriya\/\" \/>\n<meta property=\"og:site_name\" content=\"Archives Nationales de Tunisie\" \/>\n<meta property=\"article:published_time\" content=\"2021-11-04T16:59:00+00:00\" \/>\n<meta property=\"article:modified_time\" content=\"2022-05-12T16:01:48+00:00\" \/>\n<meta property=\"og:image\" content=\"https:\/\/www.archives.nat.tn\/wp-content\/uploads\/2022\/05\/4.jpg\" \/>\n\t<meta property=\"og:image:width\" content=\"1724\" \/>\n\t<meta property=\"og:image:height\" content=\"2431\" \/>\n\t<meta property=\"og:image:type\" content=\"image\/jpeg\" \/>\n<meta name=\"author\" content=\"admin\" \/>\n<meta name=\"twitter:card\" content=\"summary_large_image\" \/>\n<meta name=\"twitter:label1\" content=\"\u00c9crit par\" \/>\n\t<meta name=\"twitter:data1\" content=\"admin\" \/>\n<script type=\"application\/ld+json\" class=\"yoast-schema-graph\">{\"@context\":\"https:\/\/schema.org\",\"@graph\":[{\"@type\":\"Article\",\"@id\":\"https:\/\/www.archives.nat.tn\/fr\/hommage-a-hachemi-troudi-et-a-sa-famille-et-presentation-de-son-livre-azizati-houriya\/#article\",\"isPartOf\":{\"@id\":\"https:\/\/www.archives.nat.tn\/fr\/hommage-a-hachemi-troudi-et-a-sa-famille-et-presentation-de-son-livre-azizati-houriya\/\"},\"author\":{\"name\":\"admin\",\"@id\":\"https:\/\/www.archives.nat.tn\/fr\/#\/schema\/person\/9b93cb5f8eb927a1d946c5b02c6bfb6f\"},\"headline\":\"Hommage \u00e0 Hachemi troudi et \u00e0 sa famille et pr\u00e9sentation de son livre \u00ab\u00a0AZIZATI HOURIYA\u00a0\u00bb\",\"datePublished\":\"2021-11-04T16:59:00+00:00\",\"dateModified\":\"2022-05-12T16:01:48+00:00\",\"mainEntityOfPage\":{\"@id\":\"https:\/\/www.archives.nat.tn\/fr\/hommage-a-hachemi-troudi-et-a-sa-famille-et-presentation-de-son-livre-azizati-houriya\/\"},\"wordCount\":45,\"publisher\":{\"@id\":\"https:\/\/www.archives.nat.tn\/fr\/#organization\"},\"image\":{\"@id\":\"https:\/\/www.archives.nat.tn\/fr\/hommage-a-hachemi-troudi-et-a-sa-famille-et-presentation-de-son-livre-azizati-houriya\/#primaryimage\"},\"thumbnailUrl\":\"https:\/\/www.archives.nat.tn\/wp-content\/uploads\/2022\/05\/4.jpg\",\"articleSection\":[\"actualit\u00e9s\"],\"inLanguage\":\"fr-FR\"},{\"@type\":\"WebPage\",\"@id\":\"https:\/\/www.archives.nat.tn\/fr\/hommage-a-hachemi-troudi-et-a-sa-famille-et-presentation-de-son-livre-azizati-houriya\/\",\"url\":\"https:\/\/www.archives.nat.tn\/fr\/hommage-a-hachemi-troudi-et-a-sa-famille-et-presentation-de-son-livre-azizati-houriya\/\",\"name\":\"Hommage \u00e0 Hachemi troudi et \u00e0 sa famille et pr\u00e9sentation de son livre \u00ab\u00a0AZIZATI HOURIYA\u00a0\u00bb - Archives Nationales de Tunisie\",\"isPartOf\":{\"@id\":\"https:\/\/www.archives.nat.tn\/fr\/#website\"},\"primaryImageOfPage\":{\"@id\":\"https:\/\/www.archives.nat.tn\/fr\/hommage-a-hachemi-troudi-et-a-sa-famille-et-presentation-de-son-livre-azizati-houriya\/#primaryimage\"},\"image\":{\"@id\":\"https:\/\/www.archives.nat.tn\/fr\/hommage-a-hachemi-troudi-et-a-sa-famille-et-presentation-de-son-livre-azizati-houriya\/#primaryimage\"},\"thumbnailUrl\":\"https:\/\/www.archives.nat.tn\/wp-content\/uploads\/2022\/05\/4.jpg\",\"datePublished\":\"2021-11-04T16:59:00+00:00\",\"dateModified\":\"2022-05-12T16:01:48+00:00\",\"breadcrumb\":{\"@id\":\"https:\/\/www.archives.nat.tn\/fr\/hommage-a-hachemi-troudi-et-a-sa-famille-et-presentation-de-son-livre-azizati-houriya\/#breadcrumb\"},\"inLanguage\":\"fr-FR\",\"potentialAction\":[{\"@type\":\"ReadAction\",\"target\":[\"https:\/\/www.archives.nat.tn\/fr\/hommage-a-hachemi-troudi-et-a-sa-famille-et-presentation-de-son-livre-azizati-houriya\/\"]}]},{\"@type\":\"ImageObject\",\"inLanguage\":\"fr-FR\",\"@id\":\"https:\/\/www.archives.nat.tn\/fr\/hommage-a-hachemi-troudi-et-a-sa-famille-et-presentation-de-son-livre-azizati-houriya\/#primaryimage\",\"url\":\"https:\/\/www.archives.nat.tn\/wp-content\/uploads\/2022\/05\/4.jpg\",\"contentUrl\":\"https:\/\/www.archives.nat.tn\/wp-content\/uploads\/2022\/05\/4.jpg\",\"width\":1724,\"height\":2431},{\"@type\":\"BreadcrumbList\",\"@id\":\"https:\/\/www.archives.nat.tn\/fr\/hommage-a-hachemi-troudi-et-a-sa-famille-et-presentation-de-son-livre-azizati-houriya\/#breadcrumb\",\"itemListElement\":[{\"@type\":\"ListItem\",\"position\":1,\"name\":\"Accueil\",\"item\":\"https:\/\/www.archives.nat.tn\/fr\/\"},{\"@type\":\"ListItem\",\"position\":2,\"name\":\"Hommage \u00e0 Hachemi troudi et \u00e0 sa famille et pr\u00e9sentation de son livre \u00ab\u00a0AZIZATI HOURIYA\u00a0\u00bb\"}]},{\"@type\":\"WebSite\",\"@id\":\"https:\/\/www.archives.nat.tn\/fr\/#website\",\"url\":\"https:\/\/www.archives.nat.tn\/fr\/\",\"name\":\"Archives Nationales de Tunisie\",\"description\":\"\",\"publisher\":{\"@id\":\"https:\/\/www.archives.nat.tn\/fr\/#organization\"},\"potentialAction\":[{\"@type\":\"SearchAction\",\"target\":{\"@type\":\"EntryPoint\",\"urlTemplate\":\"https:\/\/www.archives.nat.tn\/fr\/?s={search_term_string}\"},\"query-input\":{\"@type\":\"PropertyValueSpecification\",\"valueRequired\":true,\"valueName\":\"search_term_string\"}}],\"inLanguage\":\"fr-FR\"},{\"@type\":\"Organization\",\"@id\":\"https:\/\/www.archives.nat.tn\/fr\/#organization\",\"name\":\"Les Archives Nationales de Tunisie\",\"url\":\"https:\/\/www.archives.nat.tn\/fr\/\",\"logo\":{\"@type\":\"ImageObject\",\"inLanguage\":\"fr-FR\",\"@id\":\"https:\/\/www.archives.nat.tn\/fr\/#\/schema\/logo\/image\/\",\"url\":\"http:\/\/www.archives.nat.tn\/wp-content\/uploads\/2022\/07\/logo-ant.png\",\"contentUrl\":\"http:\/\/www.archives.nat.tn\/wp-content\/uploads\/2022\/07\/logo-ant.png\",\"width\":1719,\"height\":1239,\"caption\":\"Les Archives Nationales de Tunisie\"},\"image\":{\"@id\":\"https:\/\/www.archives.nat.tn\/fr\/#\/schema\/logo\/image\/\"}},{\"@type\":\"Person\",\"@id\":\"https:\/\/www.archives.nat.tn\/fr\/#\/schema\/person\/9b93cb5f8eb927a1d946c5b02c6bfb6f\",\"name\":\"admin\",\"image\":{\"@type\":\"ImageObject\",\"inLanguage\":\"fr-FR\",\"@id\":\"https:\/\/www.archives.nat.tn\/fr\/#\/schema\/person\/image\/\",\"url\":\"https:\/\/secure.gravatar.com\/avatar\/913c1bfcf4e8248c3db121a857b2f3ea401a3da66d6755a432ba1eb4a5e027d9?s=96&d=mm&r=g\",\"contentUrl\":\"https:\/\/secure.gravatar.com\/avatar\/913c1bfcf4e8248c3db121a857b2f3ea401a3da66d6755a432ba1eb4a5e027d9?s=96&d=mm&r=g\",\"caption\":\"admin\"},\"sameAs\":[\"http:\/\/www.archives.nat.tn\"],\"url\":\"https:\/\/www.archives.nat.tn\/fr\/author\/admin\/\"}]}<\/script>\n<!-- \/ Yoast SEO plugin. -->","yoast_head_json":{"title":"Hommage \u00e0 Hachemi troudi et \u00e0 sa famille et pr\u00e9sentation de son livre \u00ab\u00a0AZIZATI HOURIYA\u00a0\u00bb - Archives Nationales de Tunisie","robots":{"index":"index","follow":"follow","max-snippet":"max-snippet:-1","max-image-preview":"max-image-preview:large","max-video-preview":"max-video-preview:-1"},"canonical":"https:\/\/www.archives.nat.tn\/fr\/hommage-a-hachemi-troudi-et-a-sa-famille-et-presentation-de-son-livre-azizati-houriya\/","og_locale":"fr_FR","og_type":"article","og_title":"Hommage \u00e0 Hachemi troudi et \u00e0 sa famille et pr\u00e9sentation de son livre \u00ab\u00a0AZIZATI HOURIYA\u00a0\u00bb - Archives Nationales de Tunisie","og_description":"hommage \u00e0 Hachemi troudi et \u00e0 sa famille et pr\u00e9sentation de son livre \u00ab\u00a0AZIZATI HOURIYA\u00a0\u00bb \u00e0 l\u2019occasion de la remise de ses archives et de sa biblioth\u00e8que aux archivesnationales de Tunisie.","og_url":"https:\/\/www.archives.nat.tn\/fr\/hommage-a-hachemi-troudi-et-a-sa-famille-et-presentation-de-son-livre-azizati-houriya\/","og_site_name":"Archives Nationales de Tunisie","article_published_time":"2021-11-04T16:59:00+00:00","article_modified_time":"2022-05-12T16:01:48+00:00","og_image":[{"width":1724,"height":2431,"url":"https:\/\/www.archives.nat.tn\/wp-content\/uploads\/2022\/05\/4.jpg","type":"image\/jpeg"}],"author":"admin","twitter_card":"summary_large_image","twitter_misc":{"\u00c9crit par":"admin"},"schema":{"@context":"https:\/\/schema.org","@graph":[{"@type":"Article","@id":"https:\/\/www.archives.nat.tn\/fr\/hommage-a-hachemi-troudi-et-a-sa-famille-et-presentation-de-son-livre-azizati-houriya\/#article","isPartOf":{"@id":"https:\/\/www.archives.nat.tn\/fr\/hommage-a-hachemi-troudi-et-a-sa-famille-et-presentation-de-son-livre-azizati-houriya\/"},"author":{"name":"admin","@id":"https:\/\/www.archives.nat.tn\/fr\/#\/schema\/person\/9b93cb5f8eb927a1d946c5b02c6bfb6f"},"headline":"Hommage \u00e0 Hachemi troudi et \u00e0 sa famille et pr\u00e9sentation de son livre \u00ab\u00a0AZIZATI HOURIYA\u00a0\u00bb","datePublished":"2021-11-04T16:59:00+00:00","dateModified":"2022-05-12T16:01:48+00:00","mainEntityOfPage":{"@id":"https:\/\/www.archives.nat.tn\/fr\/hommage-a-hachemi-troudi-et-a-sa-famille-et-presentation-de-son-livre-azizati-houriya\/"},"wordCount":45,"publisher":{"@id":"https:\/\/www.archives.nat.tn\/fr\/#organization"},"image":{"@id":"https:\/\/www.archives.nat.tn\/fr\/hommage-a-hachemi-troudi-et-a-sa-famille-et-presentation-de-son-livre-azizati-houriya\/#primaryimage"},"thumbnailUrl":"https:\/\/www.archives.nat.tn\/wp-content\/uploads\/2022\/05\/4.jpg","articleSection":["actualit\u00e9s"],"inLanguage":"fr-FR"},{"@type":"WebPage","@id":"https:\/\/www.archives.nat.tn\/fr\/hommage-a-hachemi-troudi-et-a-sa-famille-et-presentation-de-son-livre-azizati-houriya\/","url":"https:\/\/www.archives.nat.tn\/fr\/hommage-a-hachemi-troudi-et-a-sa-famille-et-presentation-de-son-livre-azizati-houriya\/","name":"Hommage \u00e0 Hachemi troudi et \u00e0 sa famille et pr\u00e9sentation de son livre \u00ab\u00a0AZIZATI HOURIYA\u00a0\u00bb - Archives Nationales de Tunisie","isPartOf":{"@id":"https:\/\/www.archives.nat.tn\/fr\/#website"},"primaryImageOfPage":{"@id":"https:\/\/www.archives.nat.tn\/fr\/hommage-a-hachemi-troudi-et-a-sa-famille-et-presentation-de-son-livre-azizati-houriya\/#primaryimage"},"image":{"@id":"https:\/\/www.archives.nat.tn\/fr\/hommage-a-hachemi-troudi-et-a-sa-famille-et-presentation-de-son-livre-azizati-houriya\/#primaryimage"},"thumbnailUrl":"https:\/\/www.archives.nat.tn\/wp-content\/uploads\/2022\/05\/4.jpg","datePublished":"2021-11-04T16:59:00+00:00","dateModified":"2022-05-12T16:01:48+00:00","breadcrumb":{"@id":"https:\/\/www.archives.nat.tn\/fr\/hommage-a-hachemi-troudi-et-a-sa-famille-et-presentation-de-son-livre-azizati-houriya\/#breadcrumb"},"inLanguage":"fr-FR","potentialAction":[{"@type":"ReadAction","target":["https:\/\/www.archives.nat.tn\/fr\/hommage-a-hachemi-troudi-et-a-sa-famille-et-presentation-de-son-livre-azizati-houriya\/"]}]},{"@type":"ImageObject","inLanguage":"fr-FR","@id":"https:\/\/www.archives.nat.tn\/fr\/hommage-a-hachemi-troudi-et-a-sa-famille-et-presentation-de-son-livre-azizati-houriya\/#primaryimage","url":"https:\/\/www.archives.nat.tn\/wp-content\/uploads\/2022\/05\/4.jpg","contentUrl":"https:\/\/www.archives.nat.tn\/wp-content\/uploads\/2022\/05\/4.jpg","width":1724,"height":2431},{"@type":"BreadcrumbList","@id":"https:\/\/www.archives.nat.tn\/fr\/hommage-a-hachemi-troudi-et-a-sa-famille-et-presentation-de-son-livre-azizati-houriya\/#breadcrumb","itemListElement":[{"@type":"ListItem","position":1,"name":"Accueil","item":"https:\/\/www.archives.nat.tn\/fr\/"},{"@type":"ListItem","position":2,"name":"Hommage \u00e0 Hachemi troudi et \u00e0 sa famille et pr\u00e9sentation de son livre \u00ab\u00a0AZIZATI HOURIYA\u00a0\u00bb"}]},{"@type":"WebSite","@id":"https:\/\/www.archives.nat.tn\/fr\/#website","url":"https:\/\/www.archives.nat.tn\/fr\/","name":"Archives Nationales de Tunisie","description":"","publisher":{"@id":"https:\/\/www.archives.nat.tn\/fr\/#organization"},"potentialAction":[{"@type":"SearchAction","target":{"@type":"EntryPoint","urlTemplate":"https:\/\/www.archives.nat.tn\/fr\/?s={search_term_string}"},"query-input":{"@type":"PropertyValueSpecification","valueRequired":true,"valueName":"search_term_string"}}],"inLanguage":"fr-FR"},{"@type":"Organization","@id":"https:\/\/www.archives.nat.tn\/fr\/#organization","name":"Les Archives Nationales de Tunisie","url":"https:\/\/www.archives.nat.tn\/fr\/","logo":{"@type":"ImageObject","inLanguage":"fr-FR","@id":"https:\/\/www.archives.nat.tn\/fr\/#\/schema\/logo\/image\/","url":"http:\/\/www.archives.nat.tn\/wp-content\/uploads\/2022\/07\/logo-ant.png","contentUrl":"http:\/\/www.archives.nat.tn\/wp-content\/uploads\/2022\/07\/logo-ant.png","width":1719,"height":1239,"caption":"Les Archives Nationales de Tunisie"},"image":{"@id":"https:\/\/www.archives.nat.tn\/fr\/#\/schema\/logo\/image\/"}},{"@type":"Person","@id":"https:\/\/www.archives.nat.tn\/fr\/#\/schema\/person\/9b93cb5f8eb927a1d946c5b02c6bfb6f","name":"admin","image":{"@type":"ImageObject","inLanguage":"fr-FR","@id":"https:\/\/www.archives.nat.tn\/fr\/#\/schema\/person\/image\/","url":"https:\/\/secure.gravatar.com\/avatar\/913c1bfcf4e8248c3db121a857b2f3ea401a3da66d6755a432ba1eb4a5e027d9?s=96&d=mm&r=g","contentUrl":"https:\/\/secure.gravatar.com\/avatar\/913c1bfcf4e8248c3db121a857b2f3ea401a3da66d6755a432ba1eb4a5e027d9?s=96&d=mm&r=g","caption":"admin"},"sameAs":["http:\/\/www.archives.nat.tn"],"url":"https:\/\/www.archives.nat.tn\/fr\/author\/admin\/"}]}},"_links":{"self":[{"href":"https:\/\/www.archives.nat.tn\/fr\/wp-json\/wp\/v2\/posts\/1284","targetHints":{"allow":["GET"]}}],"collection":[{"href":"https:\/\/www.archives.nat.tn\/fr\/wp-json\/wp\/v2\/posts"}],"about":[{"href":"https:\/\/www.archives.nat.tn\/fr\/wp-json\/wp\/v2\/types\/post"}],"author":[{"embeddable":true,"href":"https:\/\/www.archives.nat.tn\/fr\/wp-json\/wp\/v2\/users\/1"}],"replies":[{"embeddable":true,"href":"https:\/\/www.archives.nat.tn\/fr\/wp-json\/wp\/v2\/comments?post=1284"}],"version-history":[{"count":1,"href":"https:\/\/www.archives.nat.tn\/fr\/wp-json\/wp\/v2\/posts\/1284\/revisions"}],"predecessor-version":[{"id":1288,"href":"https:\/\/www.archives.nat.tn\/fr\/wp-json\/wp\/v2\/posts\/1284\/revisions\/1288"}],"wp:featuredmedia":[{"embeddable":true,"href":"https:\/\/www.archives.nat.tn\/fr\/wp-json\/wp\/v2\/media\/1285"}],"wp:attachment":[{"href":"https:\/\/www.archives.nat.tn\/fr\/wp-json\/wp\/v2\/media?parent=1284"}],"wp:term":[{"taxonomy":"category","embeddable":true,"href":"https:\/\/www.archives.nat.tn\/fr\/wp-json\/wp\/v2\/categories?post=1284"},{"taxonomy":"post_tag","embeddable":true,"href":"https:\/\/www.archives.nat.tn\/fr\/wp-json\/wp\/v2\/tags?post=1284"}],"curies":[{"name":"wp","href":"https:\/\/api.w.org\/{rel}","templated":true}]}}