{"id":1769,"date":"2022-06-09T14:49:00","date_gmt":"2022-06-09T13:49:00","guid":{"rendered":"http:\/\/www.archives.nat.tn\/?p=1769"},"modified":"2022-09-16T12:36:46","modified_gmt":"2022-09-16T11:36:46","slug":"dans-le-cadre-de-la-cooperation-internationale","status":"publish","type":"post","link":"https:\/\/www.archives.nat.tn\/fr\/dans-le-cadre-de-la-cooperation-internationale\/","title":{"rendered":"C\u00e9l\u00e9bration de la journ\u00e9e mondiale des archives dans le cadre de la coop\u00e9ration internationale"},"content":{"rendered":"<p>Dans le cadre de la coop\u00e9ration internationale :<br \/>\nLes Archives Nationales de Tunisie et l\u2019Instance des Documents et des Archives de la Sharjah, ont organis\u00e9 le jeudi 09 juin 2022, une c\u00e9r\u00e9monie de c\u00e9l\u00e9bration de la journ\u00e9e mondiale des archives<br \/>\npendant laquelle elles ont reconduit leur convention de coop\u00e9ration.<\/p>\n","protected":false},"excerpt":{"rendered":"<p>Dans le cadre de la coop\u00e9ration internationale : Les Archives Nationales de Tunisie et l\u2019Instance des Documents et des Archives de la Sharjah, ont organis\u00e9 le jeudi 09 juin 2022, une c\u00e9r\u00e9monie de c\u00e9l\u00e9bration de la journ\u00e9e mondiale des archives pendant laquelle elles ont reconduit leur convention de coop\u00e9ration.<\/p>\n","protected":false},"author":1,"featured_media":1770,"comment_status":"closed","ping_status":"closed","sticky":false,"template":"","format":"standard","meta":{"_monsterinsights_skip_tracking":false,"_monsterinsights_sitenote_active":false,"_monsterinsights_sitenote_note":"","_monsterinsights_sitenote_category":0,"footnotes":""},"categories":[79],"tags":[],"class_list":["post-1769","post","type-post","status-publish","format-standard","has-post-thumbnail","hentry","category-actualites"],"yoast_head":"<!-- This site is optimized with the Yoast SEO plugin v26.0 - https:\/\/yoast.com\/wordpress\/plugins\/seo\/ -->\n<title>C\u00e9l\u00e9bration de la journ\u00e9e mondiale des archives dans le cadre de la coop\u00e9ration internationale - Archives Nationales de Tunisie<\/title>\n<meta name=\"robots\" content=\"index, follow, max-snippet:-1, max-image-preview:large, max-video-preview:-1\" \/>\n<link rel=\"canonical\" href=\"https:\/\/www.archives.nat.tn\/fr\/dans-le-cadre-de-la-cooperation-internationale\/\" \/>\n<meta property=\"og:locale\" content=\"fr_FR\" \/>\n<meta property=\"og:type\" content=\"article\" \/>\n<meta property=\"og:title\" content=\"C\u00e9l\u00e9bration de la journ\u00e9e mondiale des archives dans le cadre de la coop\u00e9ration internationale - Archives Nationales de Tunisie\" \/>\n<meta property=\"og:description\" content=\"Dans le cadre de la coop\u00e9ration internationale : Les Archives Nationales de Tunisie et l\u2019Instance des Documents et des Archives de la Sharjah, ont organis\u00e9 le jeudi 09 juin 2022, une c\u00e9r\u00e9monie de c\u00e9l\u00e9bration de la journ\u00e9e mondiale des archives pendant laquelle elles ont reconduit leur convention de coop\u00e9ration.\" \/>\n<meta property=\"og:url\" content=\"https:\/\/www.archives.nat.tn\/fr\/dans-le-cadre-de-la-cooperation-internationale\/\" \/>\n<meta property=\"og:site_name\" content=\"Archives Nationales de Tunisie\" \/>\n<meta property=\"article:published_time\" content=\"2022-06-09T13:49:00+00:00\" \/>\n<meta property=\"article:modified_time\" content=\"2022-09-16T11:36:46+00:00\" \/>\n<meta property=\"og:image\" content=\"https:\/\/www.archives.nat.tn\/wp-content\/uploads\/2022\/06\/unnamed.png\" \/>\n\t<meta property=\"og:image:width\" content=\"4501\" \/>\n\t<meta property=\"og:image:height\" content=\"7317\" \/>\n\t<meta property=\"og:image:type\" content=\"image\/png\" \/>\n<meta name=\"author\" content=\"admin\" \/>\n<meta name=\"twitter:card\" content=\"summary_large_image\" \/>\n<meta name=\"twitter:label1\" content=\"\u00c9crit par\" \/>\n\t<meta name=\"twitter:data1\" content=\"admin\" \/>\n\t<meta name=\"twitter:label2\" content=\"Dur\u00e9e de lecture estim\u00e9e\" \/>\n\t<meta name=\"twitter:data2\" content=\"1 minute\" \/>\n<script type=\"application\/ld+json\" class=\"yoast-schema-graph\">{\"@context\":\"https:\/\/schema.org\",\"@graph\":[{\"@type\":\"Article\",\"@id\":\"https:\/\/www.archives.nat.tn\/fr\/dans-le-cadre-de-la-cooperation-internationale\/#article\",\"isPartOf\":{\"@id\":\"https:\/\/www.archives.nat.tn\/fr\/dans-le-cadre-de-la-cooperation-internationale\/\"},\"author\":{\"name\":\"admin\",\"@id\":\"https:\/\/www.archives.nat.tn\/fr\/#\/schema\/person\/9b93cb5f8eb927a1d946c5b02c6bfb6f\"},\"headline\":\"C\u00e9l\u00e9bration de la journ\u00e9e mondiale des archives dans le cadre de la coop\u00e9ration internationale\",\"datePublished\":\"2022-06-09T13:49:00+00:00\",\"dateModified\":\"2022-09-16T11:36:46+00:00\",\"mainEntityOfPage\":{\"@id\":\"https:\/\/www.archives.nat.tn\/fr\/dans-le-cadre-de-la-cooperation-internationale\/\"},\"wordCount\":72,\"publisher\":{\"@id\":\"https:\/\/www.archives.nat.tn\/fr\/#organization\"},\"image\":{\"@id\":\"https:\/\/www.archives.nat.tn\/fr\/dans-le-cadre-de-la-cooperation-internationale\/#primaryimage\"},\"thumbnailUrl\":\"https:\/\/www.archives.nat.tn\/wp-content\/uploads\/2022\/06\/unnamed.png\",\"articleSection\":[\"actualit\u00e9s\"],\"inLanguage\":\"fr-FR\"},{\"@type\":\"WebPage\",\"@id\":\"https:\/\/www.archives.nat.tn\/fr\/dans-le-cadre-de-la-cooperation-internationale\/\",\"url\":\"https:\/\/www.archives.nat.tn\/fr\/dans-le-cadre-de-la-cooperation-internationale\/\",\"name\":\"C\u00e9l\u00e9bration de la journ\u00e9e mondiale des archives dans le cadre de la coop\u00e9ration internationale - Archives Nationales de Tunisie\",\"isPartOf\":{\"@id\":\"https:\/\/www.archives.nat.tn\/fr\/#website\"},\"primaryImageOfPage\":{\"@id\":\"https:\/\/www.archives.nat.tn\/fr\/dans-le-cadre-de-la-cooperation-internationale\/#primaryimage\"},\"image\":{\"@id\":\"https:\/\/www.archives.nat.tn\/fr\/dans-le-cadre-de-la-cooperation-internationale\/#primaryimage\"},\"thumbnailUrl\":\"https:\/\/www.archives.nat.tn\/wp-content\/uploads\/2022\/06\/unnamed.png\",\"datePublished\":\"2022-06-09T13:49:00+00:00\",\"dateModified\":\"2022-09-16T11:36:46+00:00\",\"breadcrumb\":{\"@id\":\"https:\/\/www.archives.nat.tn\/fr\/dans-le-cadre-de-la-cooperation-internationale\/#breadcrumb\"},\"inLanguage\":\"fr-FR\",\"potentialAction\":[{\"@type\":\"ReadAction\",\"target\":[\"https:\/\/www.archives.nat.tn\/fr\/dans-le-cadre-de-la-cooperation-internationale\/\"]}]},{\"@type\":\"ImageObject\",\"inLanguage\":\"fr-FR\",\"@id\":\"https:\/\/www.archives.nat.tn\/fr\/dans-le-cadre-de-la-cooperation-internationale\/#primaryimage\",\"url\":\"https:\/\/www.archives.nat.tn\/wp-content\/uploads\/2022\/06\/unnamed.png\",\"contentUrl\":\"https:\/\/www.archives.nat.tn\/wp-content\/uploads\/2022\/06\/unnamed.png\",\"width\":4501,\"height\":7317},{\"@type\":\"BreadcrumbList\",\"@id\":\"https:\/\/www.archives.nat.tn\/fr\/dans-le-cadre-de-la-cooperation-internationale\/#breadcrumb\",\"itemListElement\":[{\"@type\":\"ListItem\",\"position\":1,\"name\":\"Accueil\",\"item\":\"https:\/\/www.archives.nat.tn\/fr\/\"},{\"@type\":\"ListItem\",\"position\":2,\"name\":\"C\u00e9l\u00e9bration de la journ\u00e9e mondiale des archives dans le cadre de la coop\u00e9ration internationale\"}]},{\"@type\":\"WebSite\",\"@id\":\"https:\/\/www.archives.nat.tn\/fr\/#website\",\"url\":\"https:\/\/www.archives.nat.tn\/fr\/\",\"name\":\"Archives Nationales de Tunisie\",\"description\":\"\",\"publisher\":{\"@id\":\"https:\/\/www.archives.nat.tn\/fr\/#organization\"},\"potentialAction\":[{\"@type\":\"SearchAction\",\"target\":{\"@type\":\"EntryPoint\",\"urlTemplate\":\"https:\/\/www.archives.nat.tn\/fr\/?s={search_term_string}\"},\"query-input\":{\"@type\":\"PropertyValueSpecification\",\"valueRequired\":true,\"valueName\":\"search_term_string\"}}],\"inLanguage\":\"fr-FR\"},{\"@type\":\"Organization\",\"@id\":\"https:\/\/www.archives.nat.tn\/fr\/#organization\",\"name\":\"Les Archives Nationales de Tunisie\",\"url\":\"https:\/\/www.archives.nat.tn\/fr\/\",\"logo\":{\"@type\":\"ImageObject\",\"inLanguage\":\"fr-FR\",\"@id\":\"https:\/\/www.archives.nat.tn\/fr\/#\/schema\/logo\/image\/\",\"url\":\"http:\/\/www.archives.nat.tn\/wp-content\/uploads\/2022\/07\/logo-ant.png\",\"contentUrl\":\"http:\/\/www.archives.nat.tn\/wp-content\/uploads\/2022\/07\/logo-ant.png\",\"width\":1719,\"height\":1239,\"caption\":\"Les Archives Nationales de Tunisie\"},\"image\":{\"@id\":\"https:\/\/www.archives.nat.tn\/fr\/#\/schema\/logo\/image\/\"}},{\"@type\":\"Person\",\"@id\":\"https:\/\/www.archives.nat.tn\/fr\/#\/schema\/person\/9b93cb5f8eb927a1d946c5b02c6bfb6f\",\"name\":\"admin\",\"image\":{\"@type\":\"ImageObject\",\"inLanguage\":\"fr-FR\",\"@id\":\"https:\/\/www.archives.nat.tn\/fr\/#\/schema\/person\/image\/\",\"url\":\"https:\/\/secure.gravatar.com\/avatar\/913c1bfcf4e8248c3db121a857b2f3ea401a3da66d6755a432ba1eb4a5e027d9?s=96&d=mm&r=g\",\"contentUrl\":\"https:\/\/secure.gravatar.com\/avatar\/913c1bfcf4e8248c3db121a857b2f3ea401a3da66d6755a432ba1eb4a5e027d9?s=96&d=mm&r=g\",\"caption\":\"admin\"},\"sameAs\":[\"http:\/\/www.archives.nat.tn\"],\"url\":\"https:\/\/www.archives.nat.tn\/fr\/author\/admin\/\"}]}<\/script>\n<!-- \/ Yoast SEO plugin. -->","yoast_head_json":{"title":"C\u00e9l\u00e9bration de la journ\u00e9e mondiale des archives dans le cadre de la coop\u00e9ration internationale - Archives Nationales de Tunisie","robots":{"index":"index","follow":"follow","max-snippet":"max-snippet:-1","max-image-preview":"max-image-preview:large","max-video-preview":"max-video-preview:-1"},"canonical":"https:\/\/www.archives.nat.tn\/fr\/dans-le-cadre-de-la-cooperation-internationale\/","og_locale":"fr_FR","og_type":"article","og_title":"C\u00e9l\u00e9bration de la journ\u00e9e mondiale des archives dans le cadre de la coop\u00e9ration internationale - Archives Nationales de Tunisie","og_description":"Dans le cadre de la coop\u00e9ration internationale : Les Archives Nationales de Tunisie et l\u2019Instance des Documents et des Archives de la Sharjah, ont organis\u00e9 le jeudi 09 juin 2022, une c\u00e9r\u00e9monie de c\u00e9l\u00e9bration de la journ\u00e9e mondiale des archives pendant laquelle elles ont reconduit leur convention de coop\u00e9ration.","og_url":"https:\/\/www.archives.nat.tn\/fr\/dans-le-cadre-de-la-cooperation-internationale\/","og_site_name":"Archives Nationales de Tunisie","article_published_time":"2022-06-09T13:49:00+00:00","article_modified_time":"2022-09-16T11:36:46+00:00","og_image":[{"width":4501,"height":7317,"url":"https:\/\/www.archives.nat.tn\/wp-content\/uploads\/2022\/06\/unnamed.png","type":"image\/png"}],"author":"admin","twitter_card":"summary_large_image","twitter_misc":{"\u00c9crit par":"admin","Dur\u00e9e de lecture estim\u00e9e":"1 minute"},"schema":{"@context":"https:\/\/schema.org","@graph":[{"@type":"Article","@id":"https:\/\/www.archives.nat.tn\/fr\/dans-le-cadre-de-la-cooperation-internationale\/#article","isPartOf":{"@id":"https:\/\/www.archives.nat.tn\/fr\/dans-le-cadre-de-la-cooperation-internationale\/"},"author":{"name":"admin","@id":"https:\/\/www.archives.nat.tn\/fr\/#\/schema\/person\/9b93cb5f8eb927a1d946c5b02c6bfb6f"},"headline":"C\u00e9l\u00e9bration de la journ\u00e9e mondiale des archives dans le cadre de la coop\u00e9ration internationale","datePublished":"2022-06-09T13:49:00+00:00","dateModified":"2022-09-16T11:36:46+00:00","mainEntityOfPage":{"@id":"https:\/\/www.archives.nat.tn\/fr\/dans-le-cadre-de-la-cooperation-internationale\/"},"wordCount":72,"publisher":{"@id":"https:\/\/www.archives.nat.tn\/fr\/#organization"},"image":{"@id":"https:\/\/www.archives.nat.tn\/fr\/dans-le-cadre-de-la-cooperation-internationale\/#primaryimage"},"thumbnailUrl":"https:\/\/www.archives.nat.tn\/wp-content\/uploads\/2022\/06\/unnamed.png","articleSection":["actualit\u00e9s"],"inLanguage":"fr-FR"},{"@type":"WebPage","@id":"https:\/\/www.archives.nat.tn\/fr\/dans-le-cadre-de-la-cooperation-internationale\/","url":"https:\/\/www.archives.nat.tn\/fr\/dans-le-cadre-de-la-cooperation-internationale\/","name":"C\u00e9l\u00e9bration de la journ\u00e9e mondiale des archives dans le cadre de la coop\u00e9ration internationale - Archives Nationales de Tunisie","isPartOf":{"@id":"https:\/\/www.archives.nat.tn\/fr\/#website"},"primaryImageOfPage":{"@id":"https:\/\/www.archives.nat.tn\/fr\/dans-le-cadre-de-la-cooperation-internationale\/#primaryimage"},"image":{"@id":"https:\/\/www.archives.nat.tn\/fr\/dans-le-cadre-de-la-cooperation-internationale\/#primaryimage"},"thumbnailUrl":"https:\/\/www.archives.nat.tn\/wp-content\/uploads\/2022\/06\/unnamed.png","datePublished":"2022-06-09T13:49:00+00:00","dateModified":"2022-09-16T11:36:46+00:00","breadcrumb":{"@id":"https:\/\/www.archives.nat.tn\/fr\/dans-le-cadre-de-la-cooperation-internationale\/#breadcrumb"},"inLanguage":"fr-FR","potentialAction":[{"@type":"ReadAction","target":["https:\/\/www.archives.nat.tn\/fr\/dans-le-cadre-de-la-cooperation-internationale\/"]}]},{"@type":"ImageObject","inLanguage":"fr-FR","@id":"https:\/\/www.archives.nat.tn\/fr\/dans-le-cadre-de-la-cooperation-internationale\/#primaryimage","url":"https:\/\/www.archives.nat.tn\/wp-content\/uploads\/2022\/06\/unnamed.png","contentUrl":"https:\/\/www.archives.nat.tn\/wp-content\/uploads\/2022\/06\/unnamed.png","width":4501,"height":7317},{"@type":"BreadcrumbList","@id":"https:\/\/www.archives.nat.tn\/fr\/dans-le-cadre-de-la-cooperation-internationale\/#breadcrumb","itemListElement":[{"@type":"ListItem","position":1,"name":"Accueil","item":"https:\/\/www.archives.nat.tn\/fr\/"},{"@type":"ListItem","position":2,"name":"C\u00e9l\u00e9bration de la journ\u00e9e mondiale des archives dans le cadre de la coop\u00e9ration internationale"}]},{"@type":"WebSite","@id":"https:\/\/www.archives.nat.tn\/fr\/#website","url":"https:\/\/www.archives.nat.tn\/fr\/","name":"Archives Nationales de Tunisie","description":"","publisher":{"@id":"https:\/\/www.archives.nat.tn\/fr\/#organization"},"potentialAction":[{"@type":"SearchAction","target":{"@type":"EntryPoint","urlTemplate":"https:\/\/www.archives.nat.tn\/fr\/?s={search_term_string}"},"query-input":{"@type":"PropertyValueSpecification","valueRequired":true,"valueName":"search_term_string"}}],"inLanguage":"fr-FR"},{"@type":"Organization","@id":"https:\/\/www.archives.nat.tn\/fr\/#organization","name":"Les Archives Nationales de Tunisie","url":"https:\/\/www.archives.nat.tn\/fr\/","logo":{"@type":"ImageObject","inLanguage":"fr-FR","@id":"https:\/\/www.archives.nat.tn\/fr\/#\/schema\/logo\/image\/","url":"http:\/\/www.archives.nat.tn\/wp-content\/uploads\/2022\/07\/logo-ant.png","contentUrl":"http:\/\/www.archives.nat.tn\/wp-content\/uploads\/2022\/07\/logo-ant.png","width":1719,"height":1239,"caption":"Les Archives Nationales de Tunisie"},"image":{"@id":"https:\/\/www.archives.nat.tn\/fr\/#\/schema\/logo\/image\/"}},{"@type":"Person","@id":"https:\/\/www.archives.nat.tn\/fr\/#\/schema\/person\/9b93cb5f8eb927a1d946c5b02c6bfb6f","name":"admin","image":{"@type":"ImageObject","inLanguage":"fr-FR","@id":"https:\/\/www.archives.nat.tn\/fr\/#\/schema\/person\/image\/","url":"https:\/\/secure.gravatar.com\/avatar\/913c1bfcf4e8248c3db121a857b2f3ea401a3da66d6755a432ba1eb4a5e027d9?s=96&d=mm&r=g","contentUrl":"https:\/\/secure.gravatar.com\/avatar\/913c1bfcf4e8248c3db121a857b2f3ea401a3da66d6755a432ba1eb4a5e027d9?s=96&d=mm&r=g","caption":"admin"},"sameAs":["http:\/\/www.archives.nat.tn"],"url":"https:\/\/www.archives.nat.tn\/fr\/author\/admin\/"}]}},"_links":{"self":[{"href":"https:\/\/www.archives.nat.tn\/fr\/wp-json\/wp\/v2\/posts\/1769","targetHints":{"allow":["GET"]}}],"collection":[{"href":"https:\/\/www.archives.nat.tn\/fr\/wp-json\/wp\/v2\/posts"}],"about":[{"href":"https:\/\/www.archives.nat.tn\/fr\/wp-json\/wp\/v2\/types\/post"}],"author":[{"embeddable":true,"href":"https:\/\/www.archives.nat.tn\/fr\/wp-json\/wp\/v2\/users\/1"}],"replies":[{"embeddable":true,"href":"https:\/\/www.archives.nat.tn\/fr\/wp-json\/wp\/v2\/comments?post=1769"}],"version-history":[{"count":4,"href":"https:\/\/www.archives.nat.tn\/fr\/wp-json\/wp\/v2\/posts\/1769\/revisions"}],"predecessor-version":[{"id":2218,"href":"https:\/\/www.archives.nat.tn\/fr\/wp-json\/wp\/v2\/posts\/1769\/revisions\/2218"}],"wp:featuredmedia":[{"embeddable":true,"href":"https:\/\/www.archives.nat.tn\/fr\/wp-json\/wp\/v2\/media\/1770"}],"wp:attachment":[{"href":"https:\/\/www.archives.nat.tn\/fr\/wp-json\/wp\/v2\/media?parent=1769"}],"wp:term":[{"taxonomy":"category","embeddable":true,"href":"https:\/\/www.archives.nat.tn\/fr\/wp-json\/wp\/v2\/categories?post=1769"},{"taxonomy":"post_tag","embeddable":true,"href":"https:\/\/www.archives.nat.tn\/fr\/wp-json\/wp\/v2\/tags?post=1769"}],"curies":[{"name":"wp","href":"https:\/\/api.w.org\/{rel}","templated":true}]}}