{"id":2067,"date":"2022-08-02T09:19:00","date_gmt":"2022-08-02T08:19:00","guid":{"rendered":"http:\/\/www.archives.nat.tn\/?p=2067"},"modified":"2022-11-04T12:46:23","modified_gmt":"2022-11-04T11:46:23","slug":"lancement-de-la-phase-de-test-du-portail","status":"publish","type":"post","link":"https:\/\/www.archives.nat.tn\/fr\/lancement-de-la-phase-de-test-du-portail\/","title":{"rendered":"Annonces publiques"},"content":{"rendered":"\n<p>Les Archives Nationales de Tunisie mettent en ligne leur nouveau portail \u00e0 partir du 02 Ao\u00fbt 2022. Toutes vos remarques et vos suggestions sont les bienvenues. Nous vous remercions de nous les communiquer par e-mail \u00e0 l&#8217;adresse suivante : <a href=\"mailto:archives.nationales@archives.nat.tn\">archives.nationales@archives.nat.tn<\/a><\/p>\n","protected":false},"excerpt":{"rendered":"<p>Les Archives Nationales de Tunisie mettent en ligne leur nouveau portail \u00e0 partir du 02 Ao\u00fbt 2022. Toutes vos remarques et vos suggestions sont les bienvenues. Nous vous remercions de nous les communiquer par e-mail \u00e0 l&#8217;adresse suivante : archives.nationales@archives.nat.tn<\/p>\n","protected":false},"author":1,"featured_media":2090,"comment_status":"closed","ping_status":"closed","sticky":false,"template":"","format":"standard","meta":{"_monsterinsights_skip_tracking":false,"_monsterinsights_sitenote_active":false,"_monsterinsights_sitenote_note":"","_monsterinsights_sitenote_category":0,"footnotes":""},"categories":[79],"tags":[],"class_list":["post-2067","post","type-post","status-publish","format-standard","has-post-thumbnail","hentry","category-actualites"],"yoast_head":"<!-- This site is optimized with the Yoast SEO plugin v26.0 - https:\/\/yoast.com\/wordpress\/plugins\/seo\/ -->\n<title>Annonces publiques - Archives Nationales de Tunisie<\/title>\n<meta name=\"robots\" content=\"index, follow, max-snippet:-1, max-image-preview:large, max-video-preview:-1\" \/>\n<link rel=\"canonical\" href=\"https:\/\/www.archives.nat.tn\/fr\/lancement-de-la-phase-de-test-du-portail\/\" \/>\n<meta property=\"og:locale\" content=\"fr_FR\" \/>\n<meta property=\"og:type\" content=\"article\" \/>\n<meta property=\"og:title\" content=\"Annonces publiques - Archives Nationales de Tunisie\" \/>\n<meta property=\"og:description\" content=\"Les Archives Nationales de Tunisie mettent en ligne leur nouveau portail \u00e0 partir du 02 Ao\u00fbt 2022. Toutes vos remarques et vos suggestions sont les bienvenues. Nous vous remercions de nous les communiquer par e-mail \u00e0 l&#8217;adresse suivante : archives.nationales@archives.nat.tn\" \/>\n<meta property=\"og:url\" content=\"https:\/\/www.archives.nat.tn\/fr\/lancement-de-la-phase-de-test-du-portail\/\" \/>\n<meta property=\"og:site_name\" content=\"Archives Nationales de Tunisie\" \/>\n<meta property=\"article:published_time\" content=\"2022-08-02T08:19:00+00:00\" \/>\n<meta property=\"article:modified_time\" content=\"2022-11-04T11:46:23+00:00\" \/>\n<meta property=\"og:image\" content=\"http:\/\/www.archives.nat.tn\/wp-content\/uploads\/2022\/08\/13.jpg\" \/>\n\t<meta property=\"og:image:width\" content=\"329\" \/>\n\t<meta property=\"og:image:height\" content=\"153\" \/>\n\t<meta property=\"og:image:type\" content=\"image\/jpeg\" \/>\n<meta name=\"author\" content=\"admin\" \/>\n<meta name=\"twitter:card\" content=\"summary_large_image\" \/>\n<meta name=\"twitter:label1\" content=\"\u00c9crit par\" \/>\n\t<meta name=\"twitter:data1\" content=\"admin\" \/>\n\t<meta name=\"twitter:label2\" content=\"Dur\u00e9e de lecture estim\u00e9e\" \/>\n\t<meta name=\"twitter:data2\" content=\"1 minute\" \/>\n<script type=\"application\/ld+json\" class=\"yoast-schema-graph\">{\"@context\":\"https:\/\/schema.org\",\"@graph\":[{\"@type\":\"Article\",\"@id\":\"https:\/\/www.archives.nat.tn\/fr\/lancement-de-la-phase-de-test-du-portail\/#article\",\"isPartOf\":{\"@id\":\"https:\/\/www.archives.nat.tn\/fr\/lancement-de-la-phase-de-test-du-portail\/\"},\"author\":{\"name\":\"admin\",\"@id\":\"https:\/\/www.archives.nat.tn\/fr\/#\/schema\/person\/9b93cb5f8eb927a1d946c5b02c6bfb6f\"},\"headline\":\"Annonces publiques\",\"datePublished\":\"2022-08-02T08:19:00+00:00\",\"dateModified\":\"2022-11-04T11:46:23+00:00\",\"mainEntityOfPage\":{\"@id\":\"https:\/\/www.archives.nat.tn\/fr\/lancement-de-la-phase-de-test-du-portail\/\"},\"wordCount\":42,\"publisher\":{\"@id\":\"https:\/\/www.archives.nat.tn\/fr\/#organization\"},\"image\":{\"@id\":\"https:\/\/www.archives.nat.tn\/fr\/lancement-de-la-phase-de-test-du-portail\/#primaryimage\"},\"thumbnailUrl\":\"https:\/\/www.archives.nat.tn\/wp-content\/uploads\/2022\/08\/13.jpg\",\"articleSection\":[\"actualit\u00e9s\"],\"inLanguage\":\"fr-FR\"},{\"@type\":\"WebPage\",\"@id\":\"https:\/\/www.archives.nat.tn\/fr\/lancement-de-la-phase-de-test-du-portail\/\",\"url\":\"https:\/\/www.archives.nat.tn\/fr\/lancement-de-la-phase-de-test-du-portail\/\",\"name\":\"Annonces publiques - Archives Nationales de Tunisie\",\"isPartOf\":{\"@id\":\"https:\/\/www.archives.nat.tn\/fr\/#website\"},\"primaryImageOfPage\":{\"@id\":\"https:\/\/www.archives.nat.tn\/fr\/lancement-de-la-phase-de-test-du-portail\/#primaryimage\"},\"image\":{\"@id\":\"https:\/\/www.archives.nat.tn\/fr\/lancement-de-la-phase-de-test-du-portail\/#primaryimage\"},\"thumbnailUrl\":\"https:\/\/www.archives.nat.tn\/wp-content\/uploads\/2022\/08\/13.jpg\",\"datePublished\":\"2022-08-02T08:19:00+00:00\",\"dateModified\":\"2022-11-04T11:46:23+00:00\",\"breadcrumb\":{\"@id\":\"https:\/\/www.archives.nat.tn\/fr\/lancement-de-la-phase-de-test-du-portail\/#breadcrumb\"},\"inLanguage\":\"fr-FR\",\"potentialAction\":[{\"@type\":\"ReadAction\",\"target\":[\"https:\/\/www.archives.nat.tn\/fr\/lancement-de-la-phase-de-test-du-portail\/\"]}]},{\"@type\":\"ImageObject\",\"inLanguage\":\"fr-FR\",\"@id\":\"https:\/\/www.archives.nat.tn\/fr\/lancement-de-la-phase-de-test-du-portail\/#primaryimage\",\"url\":\"https:\/\/www.archives.nat.tn\/wp-content\/uploads\/2022\/08\/13.jpg\",\"contentUrl\":\"https:\/\/www.archives.nat.tn\/wp-content\/uploads\/2022\/08\/13.jpg\",\"width\":329,\"height\":153},{\"@type\":\"BreadcrumbList\",\"@id\":\"https:\/\/www.archives.nat.tn\/fr\/lancement-de-la-phase-de-test-du-portail\/#breadcrumb\",\"itemListElement\":[{\"@type\":\"ListItem\",\"position\":1,\"name\":\"Accueil\",\"item\":\"https:\/\/www.archives.nat.tn\/fr\/\"},{\"@type\":\"ListItem\",\"position\":2,\"name\":\"Annonces publiques\"}]},{\"@type\":\"WebSite\",\"@id\":\"https:\/\/www.archives.nat.tn\/fr\/#website\",\"url\":\"https:\/\/www.archives.nat.tn\/fr\/\",\"name\":\"Archives Nationales de Tunisie\",\"description\":\"\",\"publisher\":{\"@id\":\"https:\/\/www.archives.nat.tn\/fr\/#organization\"},\"potentialAction\":[{\"@type\":\"SearchAction\",\"target\":{\"@type\":\"EntryPoint\",\"urlTemplate\":\"https:\/\/www.archives.nat.tn\/fr\/?s={search_term_string}\"},\"query-input\":{\"@type\":\"PropertyValueSpecification\",\"valueRequired\":true,\"valueName\":\"search_term_string\"}}],\"inLanguage\":\"fr-FR\"},{\"@type\":\"Organization\",\"@id\":\"https:\/\/www.archives.nat.tn\/fr\/#organization\",\"name\":\"Les Archives Nationales de Tunisie\",\"url\":\"https:\/\/www.archives.nat.tn\/fr\/\",\"logo\":{\"@type\":\"ImageObject\",\"inLanguage\":\"fr-FR\",\"@id\":\"https:\/\/www.archives.nat.tn\/fr\/#\/schema\/logo\/image\/\",\"url\":\"http:\/\/www.archives.nat.tn\/wp-content\/uploads\/2022\/07\/logo-ant.png\",\"contentUrl\":\"http:\/\/www.archives.nat.tn\/wp-content\/uploads\/2022\/07\/logo-ant.png\",\"width\":1719,\"height\":1239,\"caption\":\"Les Archives Nationales de Tunisie\"},\"image\":{\"@id\":\"https:\/\/www.archives.nat.tn\/fr\/#\/schema\/logo\/image\/\"}},{\"@type\":\"Person\",\"@id\":\"https:\/\/www.archives.nat.tn\/fr\/#\/schema\/person\/9b93cb5f8eb927a1d946c5b02c6bfb6f\",\"name\":\"admin\",\"image\":{\"@type\":\"ImageObject\",\"inLanguage\":\"fr-FR\",\"@id\":\"https:\/\/www.archives.nat.tn\/fr\/#\/schema\/person\/image\/\",\"url\":\"https:\/\/secure.gravatar.com\/avatar\/913c1bfcf4e8248c3db121a857b2f3ea401a3da66d6755a432ba1eb4a5e027d9?s=96&d=mm&r=g\",\"contentUrl\":\"https:\/\/secure.gravatar.com\/avatar\/913c1bfcf4e8248c3db121a857b2f3ea401a3da66d6755a432ba1eb4a5e027d9?s=96&d=mm&r=g\",\"caption\":\"admin\"},\"sameAs\":[\"http:\/\/www.archives.nat.tn\"],\"url\":\"https:\/\/www.archives.nat.tn\/fr\/author\/admin\/\"}]}<\/script>\n<!-- \/ Yoast SEO plugin. -->","yoast_head_json":{"title":"Annonces publiques - Archives Nationales de Tunisie","robots":{"index":"index","follow":"follow","max-snippet":"max-snippet:-1","max-image-preview":"max-image-preview:large","max-video-preview":"max-video-preview:-1"},"canonical":"https:\/\/www.archives.nat.tn\/fr\/lancement-de-la-phase-de-test-du-portail\/","og_locale":"fr_FR","og_type":"article","og_title":"Annonces publiques - Archives Nationales de Tunisie","og_description":"Les Archives Nationales de Tunisie mettent en ligne leur nouveau portail \u00e0 partir du 02 Ao\u00fbt 2022. Toutes vos remarques et vos suggestions sont les bienvenues. Nous vous remercions de nous les communiquer par e-mail \u00e0 l&#8217;adresse suivante : archives.nationales@archives.nat.tn","og_url":"https:\/\/www.archives.nat.tn\/fr\/lancement-de-la-phase-de-test-du-portail\/","og_site_name":"Archives Nationales de Tunisie","article_published_time":"2022-08-02T08:19:00+00:00","article_modified_time":"2022-11-04T11:46:23+00:00","og_image":[{"width":329,"height":153,"url":"http:\/\/www.archives.nat.tn\/wp-content\/uploads\/2022\/08\/13.jpg","type":"image\/jpeg"}],"author":"admin","twitter_card":"summary_large_image","twitter_misc":{"\u00c9crit par":"admin","Dur\u00e9e de lecture estim\u00e9e":"1 minute"},"schema":{"@context":"https:\/\/schema.org","@graph":[{"@type":"Article","@id":"https:\/\/www.archives.nat.tn\/fr\/lancement-de-la-phase-de-test-du-portail\/#article","isPartOf":{"@id":"https:\/\/www.archives.nat.tn\/fr\/lancement-de-la-phase-de-test-du-portail\/"},"author":{"name":"admin","@id":"https:\/\/www.archives.nat.tn\/fr\/#\/schema\/person\/9b93cb5f8eb927a1d946c5b02c6bfb6f"},"headline":"Annonces publiques","datePublished":"2022-08-02T08:19:00+00:00","dateModified":"2022-11-04T11:46:23+00:00","mainEntityOfPage":{"@id":"https:\/\/www.archives.nat.tn\/fr\/lancement-de-la-phase-de-test-du-portail\/"},"wordCount":42,"publisher":{"@id":"https:\/\/www.archives.nat.tn\/fr\/#organization"},"image":{"@id":"https:\/\/www.archives.nat.tn\/fr\/lancement-de-la-phase-de-test-du-portail\/#primaryimage"},"thumbnailUrl":"https:\/\/www.archives.nat.tn\/wp-content\/uploads\/2022\/08\/13.jpg","articleSection":["actualit\u00e9s"],"inLanguage":"fr-FR"},{"@type":"WebPage","@id":"https:\/\/www.archives.nat.tn\/fr\/lancement-de-la-phase-de-test-du-portail\/","url":"https:\/\/www.archives.nat.tn\/fr\/lancement-de-la-phase-de-test-du-portail\/","name":"Annonces publiques - Archives Nationales de Tunisie","isPartOf":{"@id":"https:\/\/www.archives.nat.tn\/fr\/#website"},"primaryImageOfPage":{"@id":"https:\/\/www.archives.nat.tn\/fr\/lancement-de-la-phase-de-test-du-portail\/#primaryimage"},"image":{"@id":"https:\/\/www.archives.nat.tn\/fr\/lancement-de-la-phase-de-test-du-portail\/#primaryimage"},"thumbnailUrl":"https:\/\/www.archives.nat.tn\/wp-content\/uploads\/2022\/08\/13.jpg","datePublished":"2022-08-02T08:19:00+00:00","dateModified":"2022-11-04T11:46:23+00:00","breadcrumb":{"@id":"https:\/\/www.archives.nat.tn\/fr\/lancement-de-la-phase-de-test-du-portail\/#breadcrumb"},"inLanguage":"fr-FR","potentialAction":[{"@type":"ReadAction","target":["https:\/\/www.archives.nat.tn\/fr\/lancement-de-la-phase-de-test-du-portail\/"]}]},{"@type":"ImageObject","inLanguage":"fr-FR","@id":"https:\/\/www.archives.nat.tn\/fr\/lancement-de-la-phase-de-test-du-portail\/#primaryimage","url":"https:\/\/www.archives.nat.tn\/wp-content\/uploads\/2022\/08\/13.jpg","contentUrl":"https:\/\/www.archives.nat.tn\/wp-content\/uploads\/2022\/08\/13.jpg","width":329,"height":153},{"@type":"BreadcrumbList","@id":"https:\/\/www.archives.nat.tn\/fr\/lancement-de-la-phase-de-test-du-portail\/#breadcrumb","itemListElement":[{"@type":"ListItem","position":1,"name":"Accueil","item":"https:\/\/www.archives.nat.tn\/fr\/"},{"@type":"ListItem","position":2,"name":"Annonces publiques"}]},{"@type":"WebSite","@id":"https:\/\/www.archives.nat.tn\/fr\/#website","url":"https:\/\/www.archives.nat.tn\/fr\/","name":"Archives Nationales de Tunisie","description":"","publisher":{"@id":"https:\/\/www.archives.nat.tn\/fr\/#organization"},"potentialAction":[{"@type":"SearchAction","target":{"@type":"EntryPoint","urlTemplate":"https:\/\/www.archives.nat.tn\/fr\/?s={search_term_string}"},"query-input":{"@type":"PropertyValueSpecification","valueRequired":true,"valueName":"search_term_string"}}],"inLanguage":"fr-FR"},{"@type":"Organization","@id":"https:\/\/www.archives.nat.tn\/fr\/#organization","name":"Les Archives Nationales de Tunisie","url":"https:\/\/www.archives.nat.tn\/fr\/","logo":{"@type":"ImageObject","inLanguage":"fr-FR","@id":"https:\/\/www.archives.nat.tn\/fr\/#\/schema\/logo\/image\/","url":"http:\/\/www.archives.nat.tn\/wp-content\/uploads\/2022\/07\/logo-ant.png","contentUrl":"http:\/\/www.archives.nat.tn\/wp-content\/uploads\/2022\/07\/logo-ant.png","width":1719,"height":1239,"caption":"Les Archives Nationales de Tunisie"},"image":{"@id":"https:\/\/www.archives.nat.tn\/fr\/#\/schema\/logo\/image\/"}},{"@type":"Person","@id":"https:\/\/www.archives.nat.tn\/fr\/#\/schema\/person\/9b93cb5f8eb927a1d946c5b02c6bfb6f","name":"admin","image":{"@type":"ImageObject","inLanguage":"fr-FR","@id":"https:\/\/www.archives.nat.tn\/fr\/#\/schema\/person\/image\/","url":"https:\/\/secure.gravatar.com\/avatar\/913c1bfcf4e8248c3db121a857b2f3ea401a3da66d6755a432ba1eb4a5e027d9?s=96&d=mm&r=g","contentUrl":"https:\/\/secure.gravatar.com\/avatar\/913c1bfcf4e8248c3db121a857b2f3ea401a3da66d6755a432ba1eb4a5e027d9?s=96&d=mm&r=g","caption":"admin"},"sameAs":["http:\/\/www.archives.nat.tn"],"url":"https:\/\/www.archives.nat.tn\/fr\/author\/admin\/"}]}},"_links":{"self":[{"href":"https:\/\/www.archives.nat.tn\/fr\/wp-json\/wp\/v2\/posts\/2067","targetHints":{"allow":["GET"]}}],"collection":[{"href":"https:\/\/www.archives.nat.tn\/fr\/wp-json\/wp\/v2\/posts"}],"about":[{"href":"https:\/\/www.archives.nat.tn\/fr\/wp-json\/wp\/v2\/types\/post"}],"author":[{"embeddable":true,"href":"https:\/\/www.archives.nat.tn\/fr\/wp-json\/wp\/v2\/users\/1"}],"replies":[{"embeddable":true,"href":"https:\/\/www.archives.nat.tn\/fr\/wp-json\/wp\/v2\/comments?post=2067"}],"version-history":[{"count":11,"href":"https:\/\/www.archives.nat.tn\/fr\/wp-json\/wp\/v2\/posts\/2067\/revisions"}],"predecessor-version":[{"id":2379,"href":"https:\/\/www.archives.nat.tn\/fr\/wp-json\/wp\/v2\/posts\/2067\/revisions\/2379"}],"wp:featuredmedia":[{"embeddable":true,"href":"https:\/\/www.archives.nat.tn\/fr\/wp-json\/wp\/v2\/media\/2090"}],"wp:attachment":[{"href":"https:\/\/www.archives.nat.tn\/fr\/wp-json\/wp\/v2\/media?parent=2067"}],"wp:term":[{"taxonomy":"category","embeddable":true,"href":"https:\/\/www.archives.nat.tn\/fr\/wp-json\/wp\/v2\/categories?post=2067"},{"taxonomy":"post_tag","embeddable":true,"href":"https:\/\/www.archives.nat.tn\/fr\/wp-json\/wp\/v2\/tags?post=2067"}],"curies":[{"name":"wp","href":"https:\/\/api.w.org\/{rel}","templated":true}]}}