{"id":2904,"date":"2023-10-06T12:41:19","date_gmt":"2023-10-06T11:41:19","guid":{"rendered":"https:\/\/www.archives.nat.tn\/?p=2904"},"modified":"2023-10-06T15:57:15","modified_gmt":"2023-10-06T14:57:15","slug":"ceres-edition-un-legs-culturel-de-60-ans-remis-aux-archives-nationales","status":"publish","type":"post","link":"https:\/\/www.archives.nat.tn\/fr\/ceres-edition-un-legs-culturel-de-60-ans-remis-aux-archives-nationales\/","title":{"rendered":"C\u00e9r\u00e8s Edition : Un legs culturel de 60 ans remis aux Archives Nationales"},"content":{"rendered":"\n<p><em><strong>Les \u00e9ditions C\u00e9r\u00e8s ont fait don d\u2019une partie de leur patrimoine aux Archives nationales de Tunisie (ANT) o\u00f9 logent des milliers de documents sur l\u2019histoire de la Tunisie.<\/strong><\/em><\/p>\n\n\n\n<p>Ces documents ont \u00e9t\u00e9 remis par le directeur de C\u00e9r\u00e8s, Karim Ben Sma\u00efl, au directeur des Archives nationales, Hedi Jallab, annonce un&nbsp;communiqu\u00e9&nbsp;de l\u2019\u00e9diteur.<\/p>\n\n\n\n<p>Le don est compos\u00e9 d\u2019archives documentaires du film \u201cRendez-vous avec l\u2019histoire\u201d, r\u00e9alis\u00e9 par Hamadi Essid pour C\u00e9r\u00e8s \u201cProductions\u201d, en 1965. Ce court-m\u00e9trage documentaire tourne autour du voyage du pr\u00e9sident Habib Bourguiba au Moyen-Orient, son passage \u00e0 J\u00e9rusalem qui \u00e9tait \u00e0 l\u2019\u00e9poque sous administration jordanienne, et son c\u00e9l\u00e8bre discours de J\u00e9richo \u00e0 l\u2019adresse des Palestiniens.<\/p>\n\n\n\n<p>Outre les bobines originales, ces archives sont constitu\u00e9es de courriers entre C\u00e9r\u00e8s et le gouvernement de l\u2019\u00e9poque.<\/p>\n\n\n\n<p>Le don comprend aussi l\u2019ensemble des cassettes audios d\u2019une \u00e9mission sur Radio Suisse Romande, \u00abPetit-d\u00e9jeuner\u00bb de Patrick Ferla, \u00e0 laquelle le fondateur de C\u00e9r\u00e8s, Mohamed Ben Sma\u00efl, a particip\u00e9 de 1996 \u00e0 1998. Il donnait un billet hebdomadaire d\u2019humeur sur l\u2019actualit\u00e9 tunisienne (L\u2019air du temps \u00e0 Tunis).<\/p>\n\n\n\n<p>Ces t\u00e9moignages de la vie culturelle, politique et sociale de la Tunisie seront digitalis\u00e9s par les Archives nationales de Tunisie, a soulign\u00e9 l\u2019\u00e9diteur, faisant savoir que ce don est parmi d\u2019autres actions programm\u00e9es \u00e0 l\u2019occasion de la c\u00e9l\u00e9bration, en 2024, du 60<sup>e<\/sup>&nbsp;anniversaire de cr\u00e9ation des Editions C\u00e9r\u00e8s.<\/p>\n\n\n\n<p>Ce nouveau don aux Archives nationales de Tunisie s\u2019ajoute \u00e0 un nombre important de documents sauvegard\u00e9s dans cette institution publique \u0153uvrant notamment pour&nbsp;la sauvegarde du patrimoine archivistique national.<\/p>\n\n\n\n<p><\/p>\n\n\n\n<p><\/p>\n","protected":false},"excerpt":{"rendered":"<p>Les \u00e9ditions C\u00e9r\u00e8s ont fait don d\u2019une partie de leur patrimoine aux Archives nationales de Tunisie (ANT) o\u00f9 logent des milliers de documents sur l\u2019histoire de la Tunisie. Ces documents ont \u00e9t\u00e9 remis par le directeur de C\u00e9r\u00e8s, Karim Ben Sma\u00efl, au directeur des Archives nationales, Hedi Jallab, annonce un&nbsp;communiqu\u00e9&nbsp;de l\u2019\u00e9diteur. Le don est compos\u00e9 [&hellip;]<\/p>\n","protected":false},"author":3,"featured_media":2905,"comment_status":"closed","ping_status":"closed","sticky":false,"template":"","format":"standard","meta":{"_monsterinsights_skip_tracking":false,"_monsterinsights_sitenote_active":false,"_monsterinsights_sitenote_note":"","_monsterinsights_sitenote_category":0,"footnotes":""},"categories":[79,81],"tags":[],"class_list":["post-2904","post","type-post","status-publish","format-standard","has-post-thumbnail","hentry","category-actualites","category-81"],"yoast_head":"<!-- This site is optimized with the Yoast SEO plugin v26.0 - https:\/\/yoast.com\/wordpress\/plugins\/seo\/ -->\n<title>C\u00e9r\u00e8s Edition : Un legs culturel de 60 ans remis aux Archives Nationales - Archives Nationales de Tunisie<\/title>\n<meta name=\"robots\" content=\"index, follow, max-snippet:-1, max-image-preview:large, max-video-preview:-1\" \/>\n<link rel=\"canonical\" href=\"https:\/\/www.archives.nat.tn\/fr\/ceres-edition-un-legs-culturel-de-60-ans-remis-aux-archives-nationales\/\" \/>\n<meta property=\"og:locale\" content=\"fr_FR\" \/>\n<meta property=\"og:type\" content=\"article\" \/>\n<meta property=\"og:title\" content=\"C\u00e9r\u00e8s Edition : Un legs culturel de 60 ans remis aux Archives Nationales - Archives Nationales de Tunisie\" \/>\n<meta property=\"og:description\" content=\"Les \u00e9ditions C\u00e9r\u00e8s ont fait don d\u2019une partie de leur patrimoine aux Archives nationales de Tunisie (ANT) o\u00f9 logent des milliers de documents sur l\u2019histoire de la Tunisie. Ces documents ont \u00e9t\u00e9 remis par le directeur de C\u00e9r\u00e8s, Karim Ben Sma\u00efl, au directeur des Archives nationales, Hedi Jallab, annonce un&nbsp;communiqu\u00e9&nbsp;de l\u2019\u00e9diteur. Le don est compos\u00e9 [&hellip;]\" \/>\n<meta property=\"og:url\" content=\"https:\/\/www.archives.nat.tn\/fr\/ceres-edition-un-legs-culturel-de-60-ans-remis-aux-archives-nationales\/\" \/>\n<meta property=\"og:site_name\" content=\"Archives Nationales de Tunisie\" \/>\n<meta property=\"article:published_time\" content=\"2023-10-06T11:41:19+00:00\" \/>\n<meta property=\"article:modified_time\" content=\"2023-10-06T14:57:15+00:00\" \/>\n<meta property=\"og:image\" content=\"http:\/\/www.archives.nat.tn\/wp-content\/uploads\/2023\/10\/ceres-edition-archives-nationales-222333.jpg\" \/>\n\t<meta property=\"og:image:width\" content=\"411\" \/>\n\t<meta property=\"og:image:height\" content=\"427\" \/>\n\t<meta property=\"og:image:type\" content=\"image\/jpeg\" \/>\n<meta name=\"author\" content=\"Chahrazed Kraiem\" \/>\n<meta name=\"twitter:card\" content=\"summary_large_image\" \/>\n<meta name=\"twitter:label1\" content=\"\u00c9crit par\" \/>\n\t<meta name=\"twitter:data1\" content=\"Chahrazed Kraiem\" \/>\n\t<meta name=\"twitter:label2\" content=\"Dur\u00e9e de lecture estim\u00e9e\" \/>\n\t<meta name=\"twitter:data2\" content=\"2 minutes\" \/>\n<script type=\"application\/ld+json\" class=\"yoast-schema-graph\">{\"@context\":\"https:\/\/schema.org\",\"@graph\":[{\"@type\":\"Article\",\"@id\":\"https:\/\/www.archives.nat.tn\/fr\/ceres-edition-un-legs-culturel-de-60-ans-remis-aux-archives-nationales\/#article\",\"isPartOf\":{\"@id\":\"https:\/\/www.archives.nat.tn\/fr\/ceres-edition-un-legs-culturel-de-60-ans-remis-aux-archives-nationales\/\"},\"author\":{\"name\":\"Chahrazed Kraiem\",\"@id\":\"https:\/\/www.archives.nat.tn\/fr\/#\/schema\/person\/28e7a299a1eef44836f4dd01a6e68fab\"},\"headline\":\"C\u00e9r\u00e8s Edition : Un legs culturel de 60 ans remis aux Archives Nationales\",\"datePublished\":\"2023-10-06T11:41:19+00:00\",\"dateModified\":\"2023-10-06T14:57:15+00:00\",\"mainEntityOfPage\":{\"@id\":\"https:\/\/www.archives.nat.tn\/fr\/ceres-edition-un-legs-culturel-de-60-ans-remis-aux-archives-nationales\/\"},\"wordCount\":300,\"publisher\":{\"@id\":\"https:\/\/www.archives.nat.tn\/fr\/#organization\"},\"image\":{\"@id\":\"https:\/\/www.archives.nat.tn\/fr\/ceres-edition-un-legs-culturel-de-60-ans-remis-aux-archives-nationales\/#primaryimage\"},\"thumbnailUrl\":\"https:\/\/www.archives.nat.tn\/wp-content\/uploads\/2023\/10\/ceres-edition-archives-nationales-222333.jpg\",\"articleSection\":[\"actualit\u00e9s\",\"\u063a\u064a\u0631 \u0645\u0635\u0646\u0641\"],\"inLanguage\":\"fr-FR\"},{\"@type\":\"WebPage\",\"@id\":\"https:\/\/www.archives.nat.tn\/fr\/ceres-edition-un-legs-culturel-de-60-ans-remis-aux-archives-nationales\/\",\"url\":\"https:\/\/www.archives.nat.tn\/fr\/ceres-edition-un-legs-culturel-de-60-ans-remis-aux-archives-nationales\/\",\"name\":\"C\u00e9r\u00e8s Edition : Un legs culturel de 60 ans remis aux Archives Nationales - Archives Nationales de Tunisie\",\"isPartOf\":{\"@id\":\"https:\/\/www.archives.nat.tn\/fr\/#website\"},\"primaryImageOfPage\":{\"@id\":\"https:\/\/www.archives.nat.tn\/fr\/ceres-edition-un-legs-culturel-de-60-ans-remis-aux-archives-nationales\/#primaryimage\"},\"image\":{\"@id\":\"https:\/\/www.archives.nat.tn\/fr\/ceres-edition-un-legs-culturel-de-60-ans-remis-aux-archives-nationales\/#primaryimage\"},\"thumbnailUrl\":\"https:\/\/www.archives.nat.tn\/wp-content\/uploads\/2023\/10\/ceres-edition-archives-nationales-222333.jpg\",\"datePublished\":\"2023-10-06T11:41:19+00:00\",\"dateModified\":\"2023-10-06T14:57:15+00:00\",\"breadcrumb\":{\"@id\":\"https:\/\/www.archives.nat.tn\/fr\/ceres-edition-un-legs-culturel-de-60-ans-remis-aux-archives-nationales\/#breadcrumb\"},\"inLanguage\":\"fr-FR\",\"potentialAction\":[{\"@type\":\"ReadAction\",\"target\":[\"https:\/\/www.archives.nat.tn\/fr\/ceres-edition-un-legs-culturel-de-60-ans-remis-aux-archives-nationales\/\"]}]},{\"@type\":\"ImageObject\",\"inLanguage\":\"fr-FR\",\"@id\":\"https:\/\/www.archives.nat.tn\/fr\/ceres-edition-un-legs-culturel-de-60-ans-remis-aux-archives-nationales\/#primaryimage\",\"url\":\"https:\/\/www.archives.nat.tn\/wp-content\/uploads\/2023\/10\/ceres-edition-archives-nationales-222333.jpg\",\"contentUrl\":\"https:\/\/www.archives.nat.tn\/wp-content\/uploads\/2023\/10\/ceres-edition-archives-nationales-222333.jpg\",\"width\":411,\"height\":427},{\"@type\":\"BreadcrumbList\",\"@id\":\"https:\/\/www.archives.nat.tn\/fr\/ceres-edition-un-legs-culturel-de-60-ans-remis-aux-archives-nationales\/#breadcrumb\",\"itemListElement\":[{\"@type\":\"ListItem\",\"position\":1,\"name\":\"Accueil\",\"item\":\"https:\/\/www.archives.nat.tn\/fr\/\"},{\"@type\":\"ListItem\",\"position\":2,\"name\":\"C\u00e9r\u00e8s Edition : Un legs culturel de 60 ans remis aux Archives Nationales\"}]},{\"@type\":\"WebSite\",\"@id\":\"https:\/\/www.archives.nat.tn\/fr\/#website\",\"url\":\"https:\/\/www.archives.nat.tn\/fr\/\",\"name\":\"Archives Nationales de Tunisie\",\"description\":\"\",\"publisher\":{\"@id\":\"https:\/\/www.archives.nat.tn\/fr\/#organization\"},\"potentialAction\":[{\"@type\":\"SearchAction\",\"target\":{\"@type\":\"EntryPoint\",\"urlTemplate\":\"https:\/\/www.archives.nat.tn\/fr\/?s={search_term_string}\"},\"query-input\":{\"@type\":\"PropertyValueSpecification\",\"valueRequired\":true,\"valueName\":\"search_term_string\"}}],\"inLanguage\":\"fr-FR\"},{\"@type\":\"Organization\",\"@id\":\"https:\/\/www.archives.nat.tn\/fr\/#organization\",\"name\":\"Les Archives Nationales de Tunisie\",\"url\":\"https:\/\/www.archives.nat.tn\/fr\/\",\"logo\":{\"@type\":\"ImageObject\",\"inLanguage\":\"fr-FR\",\"@id\":\"https:\/\/www.archives.nat.tn\/fr\/#\/schema\/logo\/image\/\",\"url\":\"http:\/\/www.archives.nat.tn\/wp-content\/uploads\/2022\/07\/logo-ant.png\",\"contentUrl\":\"http:\/\/www.archives.nat.tn\/wp-content\/uploads\/2022\/07\/logo-ant.png\",\"width\":1719,\"height\":1239,\"caption\":\"Les Archives Nationales de Tunisie\"},\"image\":{\"@id\":\"https:\/\/www.archives.nat.tn\/fr\/#\/schema\/logo\/image\/\"}},{\"@type\":\"Person\",\"@id\":\"https:\/\/www.archives.nat.tn\/fr\/#\/schema\/person\/28e7a299a1eef44836f4dd01a6e68fab\",\"name\":\"Chahrazed Kraiem\",\"image\":{\"@type\":\"ImageObject\",\"inLanguage\":\"fr-FR\",\"@id\":\"https:\/\/www.archives.nat.tn\/fr\/#\/schema\/person\/image\/\",\"url\":\"https:\/\/secure.gravatar.com\/avatar\/b01cad903876ba80818c2b20d371bb5437770433c260072014ca59ca5b32eccf?s=96&d=mm&r=g\",\"contentUrl\":\"https:\/\/secure.gravatar.com\/avatar\/b01cad903876ba80818c2b20d371bb5437770433c260072014ca59ca5b32eccf?s=96&d=mm&r=g\",\"caption\":\"Chahrazed Kraiem\"},\"url\":\"https:\/\/www.archives.nat.tn\/fr\/author\/chahrazedant\/\"}]}<\/script>\n<!-- \/ Yoast SEO plugin. -->","yoast_head_json":{"title":"C\u00e9r\u00e8s Edition : Un legs culturel de 60 ans remis aux Archives Nationales - Archives Nationales de Tunisie","robots":{"index":"index","follow":"follow","max-snippet":"max-snippet:-1","max-image-preview":"max-image-preview:large","max-video-preview":"max-video-preview:-1"},"canonical":"https:\/\/www.archives.nat.tn\/fr\/ceres-edition-un-legs-culturel-de-60-ans-remis-aux-archives-nationales\/","og_locale":"fr_FR","og_type":"article","og_title":"C\u00e9r\u00e8s Edition : Un legs culturel de 60 ans remis aux Archives Nationales - Archives Nationales de Tunisie","og_description":"Les \u00e9ditions C\u00e9r\u00e8s ont fait don d\u2019une partie de leur patrimoine aux Archives nationales de Tunisie (ANT) o\u00f9 logent des milliers de documents sur l\u2019histoire de la Tunisie. Ces documents ont \u00e9t\u00e9 remis par le directeur de C\u00e9r\u00e8s, Karim Ben Sma\u00efl, au directeur des Archives nationales, Hedi Jallab, annonce un&nbsp;communiqu\u00e9&nbsp;de l\u2019\u00e9diteur. Le don est compos\u00e9 [&hellip;]","og_url":"https:\/\/www.archives.nat.tn\/fr\/ceres-edition-un-legs-culturel-de-60-ans-remis-aux-archives-nationales\/","og_site_name":"Archives Nationales de Tunisie","article_published_time":"2023-10-06T11:41:19+00:00","article_modified_time":"2023-10-06T14:57:15+00:00","og_image":[{"width":411,"height":427,"url":"http:\/\/www.archives.nat.tn\/wp-content\/uploads\/2023\/10\/ceres-edition-archives-nationales-222333.jpg","type":"image\/jpeg"}],"author":"Chahrazed Kraiem","twitter_card":"summary_large_image","twitter_misc":{"\u00c9crit par":"Chahrazed Kraiem","Dur\u00e9e de lecture estim\u00e9e":"2 minutes"},"schema":{"@context":"https:\/\/schema.org","@graph":[{"@type":"Article","@id":"https:\/\/www.archives.nat.tn\/fr\/ceres-edition-un-legs-culturel-de-60-ans-remis-aux-archives-nationales\/#article","isPartOf":{"@id":"https:\/\/www.archives.nat.tn\/fr\/ceres-edition-un-legs-culturel-de-60-ans-remis-aux-archives-nationales\/"},"author":{"name":"Chahrazed Kraiem","@id":"https:\/\/www.archives.nat.tn\/fr\/#\/schema\/person\/28e7a299a1eef44836f4dd01a6e68fab"},"headline":"C\u00e9r\u00e8s Edition : Un legs culturel de 60 ans remis aux Archives Nationales","datePublished":"2023-10-06T11:41:19+00:00","dateModified":"2023-10-06T14:57:15+00:00","mainEntityOfPage":{"@id":"https:\/\/www.archives.nat.tn\/fr\/ceres-edition-un-legs-culturel-de-60-ans-remis-aux-archives-nationales\/"},"wordCount":300,"publisher":{"@id":"https:\/\/www.archives.nat.tn\/fr\/#organization"},"image":{"@id":"https:\/\/www.archives.nat.tn\/fr\/ceres-edition-un-legs-culturel-de-60-ans-remis-aux-archives-nationales\/#primaryimage"},"thumbnailUrl":"https:\/\/www.archives.nat.tn\/wp-content\/uploads\/2023\/10\/ceres-edition-archives-nationales-222333.jpg","articleSection":["actualit\u00e9s","\u063a\u064a\u0631 \u0645\u0635\u0646\u0641"],"inLanguage":"fr-FR"},{"@type":"WebPage","@id":"https:\/\/www.archives.nat.tn\/fr\/ceres-edition-un-legs-culturel-de-60-ans-remis-aux-archives-nationales\/","url":"https:\/\/www.archives.nat.tn\/fr\/ceres-edition-un-legs-culturel-de-60-ans-remis-aux-archives-nationales\/","name":"C\u00e9r\u00e8s Edition : Un legs culturel de 60 ans remis aux Archives Nationales - Archives Nationales de Tunisie","isPartOf":{"@id":"https:\/\/www.archives.nat.tn\/fr\/#website"},"primaryImageOfPage":{"@id":"https:\/\/www.archives.nat.tn\/fr\/ceres-edition-un-legs-culturel-de-60-ans-remis-aux-archives-nationales\/#primaryimage"},"image":{"@id":"https:\/\/www.archives.nat.tn\/fr\/ceres-edition-un-legs-culturel-de-60-ans-remis-aux-archives-nationales\/#primaryimage"},"thumbnailUrl":"https:\/\/www.archives.nat.tn\/wp-content\/uploads\/2023\/10\/ceres-edition-archives-nationales-222333.jpg","datePublished":"2023-10-06T11:41:19+00:00","dateModified":"2023-10-06T14:57:15+00:00","breadcrumb":{"@id":"https:\/\/www.archives.nat.tn\/fr\/ceres-edition-un-legs-culturel-de-60-ans-remis-aux-archives-nationales\/#breadcrumb"},"inLanguage":"fr-FR","potentialAction":[{"@type":"ReadAction","target":["https:\/\/www.archives.nat.tn\/fr\/ceres-edition-un-legs-culturel-de-60-ans-remis-aux-archives-nationales\/"]}]},{"@type":"ImageObject","inLanguage":"fr-FR","@id":"https:\/\/www.archives.nat.tn\/fr\/ceres-edition-un-legs-culturel-de-60-ans-remis-aux-archives-nationales\/#primaryimage","url":"https:\/\/www.archives.nat.tn\/wp-content\/uploads\/2023\/10\/ceres-edition-archives-nationales-222333.jpg","contentUrl":"https:\/\/www.archives.nat.tn\/wp-content\/uploads\/2023\/10\/ceres-edition-archives-nationales-222333.jpg","width":411,"height":427},{"@type":"BreadcrumbList","@id":"https:\/\/www.archives.nat.tn\/fr\/ceres-edition-un-legs-culturel-de-60-ans-remis-aux-archives-nationales\/#breadcrumb","itemListElement":[{"@type":"ListItem","position":1,"name":"Accueil","item":"https:\/\/www.archives.nat.tn\/fr\/"},{"@type":"ListItem","position":2,"name":"C\u00e9r\u00e8s Edition : Un legs culturel de 60 ans remis aux Archives Nationales"}]},{"@type":"WebSite","@id":"https:\/\/www.archives.nat.tn\/fr\/#website","url":"https:\/\/www.archives.nat.tn\/fr\/","name":"Archives Nationales de Tunisie","description":"","publisher":{"@id":"https:\/\/www.archives.nat.tn\/fr\/#organization"},"potentialAction":[{"@type":"SearchAction","target":{"@type":"EntryPoint","urlTemplate":"https:\/\/www.archives.nat.tn\/fr\/?s={search_term_string}"},"query-input":{"@type":"PropertyValueSpecification","valueRequired":true,"valueName":"search_term_string"}}],"inLanguage":"fr-FR"},{"@type":"Organization","@id":"https:\/\/www.archives.nat.tn\/fr\/#organization","name":"Les Archives Nationales de Tunisie","url":"https:\/\/www.archives.nat.tn\/fr\/","logo":{"@type":"ImageObject","inLanguage":"fr-FR","@id":"https:\/\/www.archives.nat.tn\/fr\/#\/schema\/logo\/image\/","url":"http:\/\/www.archives.nat.tn\/wp-content\/uploads\/2022\/07\/logo-ant.png","contentUrl":"http:\/\/www.archives.nat.tn\/wp-content\/uploads\/2022\/07\/logo-ant.png","width":1719,"height":1239,"caption":"Les Archives Nationales de Tunisie"},"image":{"@id":"https:\/\/www.archives.nat.tn\/fr\/#\/schema\/logo\/image\/"}},{"@type":"Person","@id":"https:\/\/www.archives.nat.tn\/fr\/#\/schema\/person\/28e7a299a1eef44836f4dd01a6e68fab","name":"Chahrazed Kraiem","image":{"@type":"ImageObject","inLanguage":"fr-FR","@id":"https:\/\/www.archives.nat.tn\/fr\/#\/schema\/person\/image\/","url":"https:\/\/secure.gravatar.com\/avatar\/b01cad903876ba80818c2b20d371bb5437770433c260072014ca59ca5b32eccf?s=96&d=mm&r=g","contentUrl":"https:\/\/secure.gravatar.com\/avatar\/b01cad903876ba80818c2b20d371bb5437770433c260072014ca59ca5b32eccf?s=96&d=mm&r=g","caption":"Chahrazed Kraiem"},"url":"https:\/\/www.archives.nat.tn\/fr\/author\/chahrazedant\/"}]}},"_links":{"self":[{"href":"https:\/\/www.archives.nat.tn\/fr\/wp-json\/wp\/v2\/posts\/2904","targetHints":{"allow":["GET"]}}],"collection":[{"href":"https:\/\/www.archives.nat.tn\/fr\/wp-json\/wp\/v2\/posts"}],"about":[{"href":"https:\/\/www.archives.nat.tn\/fr\/wp-json\/wp\/v2\/types\/post"}],"author":[{"embeddable":true,"href":"https:\/\/www.archives.nat.tn\/fr\/wp-json\/wp\/v2\/users\/3"}],"replies":[{"embeddable":true,"href":"https:\/\/www.archives.nat.tn\/fr\/wp-json\/wp\/v2\/comments?post=2904"}],"version-history":[{"count":3,"href":"https:\/\/www.archives.nat.tn\/fr\/wp-json\/wp\/v2\/posts\/2904\/revisions"}],"predecessor-version":[{"id":2921,"href":"https:\/\/www.archives.nat.tn\/fr\/wp-json\/wp\/v2\/posts\/2904\/revisions\/2921"}],"wp:featuredmedia":[{"embeddable":true,"href":"https:\/\/www.archives.nat.tn\/fr\/wp-json\/wp\/v2\/media\/2905"}],"wp:attachment":[{"href":"https:\/\/www.archives.nat.tn\/fr\/wp-json\/wp\/v2\/media?parent=2904"}],"wp:term":[{"taxonomy":"category","embeddable":true,"href":"https:\/\/www.archives.nat.tn\/fr\/wp-json\/wp\/v2\/categories?post=2904"},{"taxonomy":"post_tag","embeddable":true,"href":"https:\/\/www.archives.nat.tn\/fr\/wp-json\/wp\/v2\/tags?post=2904"}],"curies":[{"name":"wp","href":"https:\/\/api.w.org\/{rel}","templated":true}]}}