{"id":3502,"date":"2024-10-09T14:57:57","date_gmt":"2024-10-09T13:57:57","guid":{"rendered":"https:\/\/www.archives.nat.tn\/?p=3502"},"modified":"2024-10-09T15:01:02","modified_gmt":"2024-10-09T14:01:02","slug":"a-loccasion-du-quatre-vingt-dixieme-anniversaire-du-deces-du-poete-chebbi-les-archives-nationales-publient-des-photos-et-des-documents","status":"publish","type":"post","link":"https:\/\/www.archives.nat.tn\/fr\/a-loccasion-du-quatre-vingt-dixieme-anniversaire-du-deces-du-poete-chebbi-les-archives-nationales-publient-des-photos-et-des-documents\/","title":{"rendered":"A l\u2019occasion du quatre-vingt-dixi\u00e8me anniversaire du d\u00e9c\u00e8s du po\u00e8te CHEBBI les archives nationales publient des photos et des documents."},"content":{"rendered":"<p>A l\u2019occasion du quatre-vingt-dixi\u00e8me anniversaire du d\u00e9c\u00e8s du po\u00e8te CHEBBI les archives nationales publient des photos et des documents.<br \/>Source : <a href=\"https:\/\/drive.google.com\/file\/d\/1_7n1dPlILHHc-znTXielGjaQloLUgv9b\/view?usp=drive_link\">Fonds Abou Kacem Mohamed Kerrou AP3<\/a><\/p>\n\n\n<p><\/p>\n","protected":false},"excerpt":{"rendered":"<p>A l\u2019occasion du quatre-vingt-dixi\u00e8me anniversaire du d\u00e9c\u00e8s du po\u00e8te CHEBBI les archives nationales publient des photos et des documents.Source : Fonds Abou Kacem Mohamed Kerrou AP3<\/p>\n","protected":false},"author":1,"featured_media":3498,"comment_status":"closed","ping_status":"closed","sticky":false,"template":"","format":"standard","meta":{"_monsterinsights_skip_tracking":false,"_monsterinsights_sitenote_active":false,"_monsterinsights_sitenote_note":"","_monsterinsights_sitenote_category":0,"footnotes":""},"categories":[79],"tags":[],"class_list":["post-3502","post","type-post","status-publish","format-standard","has-post-thumbnail","hentry","category-actualites"],"yoast_head":"<!-- This site is optimized with the Yoast SEO plugin v26.0 - https:\/\/yoast.com\/wordpress\/plugins\/seo\/ -->\n<title>A l\u2019occasion du quatre-vingt-dixi\u00e8me anniversaire du d\u00e9c\u00e8s du po\u00e8te CHEBBI les archives nationales publient des photos et des documents. - Archives Nationales de Tunisie<\/title>\n<meta name=\"robots\" content=\"index, follow, max-snippet:-1, max-image-preview:large, max-video-preview:-1\" \/>\n<link rel=\"canonical\" href=\"https:\/\/www.archives.nat.tn\/fr\/a-loccasion-du-quatre-vingt-dixieme-anniversaire-du-deces-du-poete-chebbi-les-archives-nationales-publient-des-photos-et-des-documents\/\" \/>\n<meta property=\"og:locale\" content=\"fr_FR\" \/>\n<meta property=\"og:type\" content=\"article\" \/>\n<meta property=\"og:title\" content=\"A l\u2019occasion du quatre-vingt-dixi\u00e8me anniversaire du d\u00e9c\u00e8s du po\u00e8te CHEBBI les archives nationales publient des photos et des documents. - Archives Nationales de Tunisie\" \/>\n<meta property=\"og:description\" content=\"A l\u2019occasion du quatre-vingt-dixi\u00e8me anniversaire du d\u00e9c\u00e8s du po\u00e8te CHEBBI les archives nationales publient des photos et des documents.Source : Fonds Abou Kacem Mohamed Kerrou AP3\" \/>\n<meta property=\"og:url\" content=\"https:\/\/www.archives.nat.tn\/fr\/a-loccasion-du-quatre-vingt-dixieme-anniversaire-du-deces-du-poete-chebbi-les-archives-nationales-publient-des-photos-et-des-documents\/\" \/>\n<meta property=\"og:site_name\" content=\"Archives Nationales de Tunisie\" \/>\n<meta property=\"article:published_time\" content=\"2024-10-09T13:57:57+00:00\" \/>\n<meta property=\"article:modified_time\" content=\"2024-10-09T14:01:02+00:00\" \/>\n<meta property=\"og:image\" content=\"http:\/\/www.archives.nat.tn\/wp-content\/uploads\/2024\/10\/Les-90-ans-de-chebbi_compressed-1_page-0001-1.jpg\" \/>\n\t<meta property=\"og:image:width\" content=\"2135\" \/>\n\t<meta property=\"og:image:height\" content=\"1200\" \/>\n\t<meta property=\"og:image:type\" content=\"image\/jpeg\" \/>\n<meta name=\"author\" content=\"admin\" \/>\n<meta name=\"twitter:card\" content=\"summary_large_image\" \/>\n<meta name=\"twitter:label1\" content=\"\u00c9crit par\" \/>\n\t<meta name=\"twitter:data1\" content=\"admin\" \/>\n\t<meta name=\"twitter:label2\" content=\"Dur\u00e9e de lecture estim\u00e9e\" \/>\n\t<meta name=\"twitter:data2\" content=\"1 minute\" \/>\n<script type=\"application\/ld+json\" class=\"yoast-schema-graph\">{\"@context\":\"https:\/\/schema.org\",\"@graph\":[{\"@type\":\"Article\",\"@id\":\"https:\/\/www.archives.nat.tn\/fr\/a-loccasion-du-quatre-vingt-dixieme-anniversaire-du-deces-du-poete-chebbi-les-archives-nationales-publient-des-photos-et-des-documents\/#article\",\"isPartOf\":{\"@id\":\"https:\/\/www.archives.nat.tn\/fr\/a-loccasion-du-quatre-vingt-dixieme-anniversaire-du-deces-du-poete-chebbi-les-archives-nationales-publient-des-photos-et-des-documents\/\"},\"author\":{\"name\":\"admin\",\"@id\":\"https:\/\/www.archives.nat.tn\/fr\/#\/schema\/person\/9b93cb5f8eb927a1d946c5b02c6bfb6f\"},\"headline\":\"A l\u2019occasion du quatre-vingt-dixi\u00e8me anniversaire du d\u00e9c\u00e8s du po\u00e8te CHEBBI les archives nationales publient des photos et des documents.\",\"datePublished\":\"2024-10-09T13:57:57+00:00\",\"dateModified\":\"2024-10-09T14:01:02+00:00\",\"mainEntityOfPage\":{\"@id\":\"https:\/\/www.archives.nat.tn\/fr\/a-loccasion-du-quatre-vingt-dixieme-anniversaire-du-deces-du-poete-chebbi-les-archives-nationales-publient-des-photos-et-des-documents\/\"},\"wordCount\":55,\"publisher\":{\"@id\":\"https:\/\/www.archives.nat.tn\/fr\/#organization\"},\"image\":{\"@id\":\"https:\/\/www.archives.nat.tn\/fr\/a-loccasion-du-quatre-vingt-dixieme-anniversaire-du-deces-du-poete-chebbi-les-archives-nationales-publient-des-photos-et-des-documents\/#primaryimage\"},\"thumbnailUrl\":\"https:\/\/www.archives.nat.tn\/wp-content\/uploads\/2024\/10\/Les-90-ans-de-chebbi_compressed-1_page-0001-1.jpg\",\"articleSection\":[\"actualit\u00e9s\"],\"inLanguage\":\"fr-FR\"},{\"@type\":\"WebPage\",\"@id\":\"https:\/\/www.archives.nat.tn\/fr\/a-loccasion-du-quatre-vingt-dixieme-anniversaire-du-deces-du-poete-chebbi-les-archives-nationales-publient-des-photos-et-des-documents\/\",\"url\":\"https:\/\/www.archives.nat.tn\/fr\/a-loccasion-du-quatre-vingt-dixieme-anniversaire-du-deces-du-poete-chebbi-les-archives-nationales-publient-des-photos-et-des-documents\/\",\"name\":\"A l\u2019occasion du quatre-vingt-dixi\u00e8me anniversaire du d\u00e9c\u00e8s du po\u00e8te CHEBBI les archives nationales publient des photos et des documents. - Archives Nationales de Tunisie\",\"isPartOf\":{\"@id\":\"https:\/\/www.archives.nat.tn\/fr\/#website\"},\"primaryImageOfPage\":{\"@id\":\"https:\/\/www.archives.nat.tn\/fr\/a-loccasion-du-quatre-vingt-dixieme-anniversaire-du-deces-du-poete-chebbi-les-archives-nationales-publient-des-photos-et-des-documents\/#primaryimage\"},\"image\":{\"@id\":\"https:\/\/www.archives.nat.tn\/fr\/a-loccasion-du-quatre-vingt-dixieme-anniversaire-du-deces-du-poete-chebbi-les-archives-nationales-publient-des-photos-et-des-documents\/#primaryimage\"},\"thumbnailUrl\":\"https:\/\/www.archives.nat.tn\/wp-content\/uploads\/2024\/10\/Les-90-ans-de-chebbi_compressed-1_page-0001-1.jpg\",\"datePublished\":\"2024-10-09T13:57:57+00:00\",\"dateModified\":\"2024-10-09T14:01:02+00:00\",\"breadcrumb\":{\"@id\":\"https:\/\/www.archives.nat.tn\/fr\/a-loccasion-du-quatre-vingt-dixieme-anniversaire-du-deces-du-poete-chebbi-les-archives-nationales-publient-des-photos-et-des-documents\/#breadcrumb\"},\"inLanguage\":\"fr-FR\",\"potentialAction\":[{\"@type\":\"ReadAction\",\"target\":[\"https:\/\/www.archives.nat.tn\/fr\/a-loccasion-du-quatre-vingt-dixieme-anniversaire-du-deces-du-poete-chebbi-les-archives-nationales-publient-des-photos-et-des-documents\/\"]}]},{\"@type\":\"ImageObject\",\"inLanguage\":\"fr-FR\",\"@id\":\"https:\/\/www.archives.nat.tn\/fr\/a-loccasion-du-quatre-vingt-dixieme-anniversaire-du-deces-du-poete-chebbi-les-archives-nationales-publient-des-photos-et-des-documents\/#primaryimage\",\"url\":\"https:\/\/www.archives.nat.tn\/wp-content\/uploads\/2024\/10\/Les-90-ans-de-chebbi_compressed-1_page-0001-1.jpg\",\"contentUrl\":\"https:\/\/www.archives.nat.tn\/wp-content\/uploads\/2024\/10\/Les-90-ans-de-chebbi_compressed-1_page-0001-1.jpg\",\"width\":2135,\"height\":1200},{\"@type\":\"BreadcrumbList\",\"@id\":\"https:\/\/www.archives.nat.tn\/fr\/a-loccasion-du-quatre-vingt-dixieme-anniversaire-du-deces-du-poete-chebbi-les-archives-nationales-publient-des-photos-et-des-documents\/#breadcrumb\",\"itemListElement\":[{\"@type\":\"ListItem\",\"position\":1,\"name\":\"Accueil\",\"item\":\"https:\/\/www.archives.nat.tn\/fr\/\"},{\"@type\":\"ListItem\",\"position\":2,\"name\":\"A l\u2019occasion du quatre-vingt-dixi\u00e8me anniversaire du d\u00e9c\u00e8s du po\u00e8te CHEBBI les archives nationales publient des photos et des documents.\"}]},{\"@type\":\"WebSite\",\"@id\":\"https:\/\/www.archives.nat.tn\/fr\/#website\",\"url\":\"https:\/\/www.archives.nat.tn\/fr\/\",\"name\":\"Archives Nationales de Tunisie\",\"description\":\"\",\"publisher\":{\"@id\":\"https:\/\/www.archives.nat.tn\/fr\/#organization\"},\"potentialAction\":[{\"@type\":\"SearchAction\",\"target\":{\"@type\":\"EntryPoint\",\"urlTemplate\":\"https:\/\/www.archives.nat.tn\/fr\/?s={search_term_string}\"},\"query-input\":{\"@type\":\"PropertyValueSpecification\",\"valueRequired\":true,\"valueName\":\"search_term_string\"}}],\"inLanguage\":\"fr-FR\"},{\"@type\":\"Organization\",\"@id\":\"https:\/\/www.archives.nat.tn\/fr\/#organization\",\"name\":\"Les Archives Nationales de Tunisie\",\"url\":\"https:\/\/www.archives.nat.tn\/fr\/\",\"logo\":{\"@type\":\"ImageObject\",\"inLanguage\":\"fr-FR\",\"@id\":\"https:\/\/www.archives.nat.tn\/fr\/#\/schema\/logo\/image\/\",\"url\":\"http:\/\/www.archives.nat.tn\/wp-content\/uploads\/2022\/07\/logo-ant.png\",\"contentUrl\":\"http:\/\/www.archives.nat.tn\/wp-content\/uploads\/2022\/07\/logo-ant.png\",\"width\":1719,\"height\":1239,\"caption\":\"Les Archives Nationales de Tunisie\"},\"image\":{\"@id\":\"https:\/\/www.archives.nat.tn\/fr\/#\/schema\/logo\/image\/\"}},{\"@type\":\"Person\",\"@id\":\"https:\/\/www.archives.nat.tn\/fr\/#\/schema\/person\/9b93cb5f8eb927a1d946c5b02c6bfb6f\",\"name\":\"admin\",\"image\":{\"@type\":\"ImageObject\",\"inLanguage\":\"fr-FR\",\"@id\":\"https:\/\/www.archives.nat.tn\/fr\/#\/schema\/person\/image\/\",\"url\":\"https:\/\/secure.gravatar.com\/avatar\/913c1bfcf4e8248c3db121a857b2f3ea401a3da66d6755a432ba1eb4a5e027d9?s=96&d=mm&r=g\",\"contentUrl\":\"https:\/\/secure.gravatar.com\/avatar\/913c1bfcf4e8248c3db121a857b2f3ea401a3da66d6755a432ba1eb4a5e027d9?s=96&d=mm&r=g\",\"caption\":\"admin\"},\"sameAs\":[\"http:\/\/www.archives.nat.tn\"],\"url\":\"https:\/\/www.archives.nat.tn\/fr\/author\/admin\/\"}]}<\/script>\n<!-- \/ Yoast SEO plugin. -->","yoast_head_json":{"title":"A l\u2019occasion du quatre-vingt-dixi\u00e8me anniversaire du d\u00e9c\u00e8s du po\u00e8te CHEBBI les archives nationales publient des photos et des documents. - Archives Nationales de Tunisie","robots":{"index":"index","follow":"follow","max-snippet":"max-snippet:-1","max-image-preview":"max-image-preview:large","max-video-preview":"max-video-preview:-1"},"canonical":"https:\/\/www.archives.nat.tn\/fr\/a-loccasion-du-quatre-vingt-dixieme-anniversaire-du-deces-du-poete-chebbi-les-archives-nationales-publient-des-photos-et-des-documents\/","og_locale":"fr_FR","og_type":"article","og_title":"A l\u2019occasion du quatre-vingt-dixi\u00e8me anniversaire du d\u00e9c\u00e8s du po\u00e8te CHEBBI les archives nationales publient des photos et des documents. - Archives Nationales de Tunisie","og_description":"A l\u2019occasion du quatre-vingt-dixi\u00e8me anniversaire du d\u00e9c\u00e8s du po\u00e8te CHEBBI les archives nationales publient des photos et des documents.Source : Fonds Abou Kacem Mohamed Kerrou AP3","og_url":"https:\/\/www.archives.nat.tn\/fr\/a-loccasion-du-quatre-vingt-dixieme-anniversaire-du-deces-du-poete-chebbi-les-archives-nationales-publient-des-photos-et-des-documents\/","og_site_name":"Archives Nationales de Tunisie","article_published_time":"2024-10-09T13:57:57+00:00","article_modified_time":"2024-10-09T14:01:02+00:00","og_image":[{"width":2135,"height":1200,"url":"http:\/\/www.archives.nat.tn\/wp-content\/uploads\/2024\/10\/Les-90-ans-de-chebbi_compressed-1_page-0001-1.jpg","type":"image\/jpeg"}],"author":"admin","twitter_card":"summary_large_image","twitter_misc":{"\u00c9crit par":"admin","Dur\u00e9e de lecture estim\u00e9e":"1 minute"},"schema":{"@context":"https:\/\/schema.org","@graph":[{"@type":"Article","@id":"https:\/\/www.archives.nat.tn\/fr\/a-loccasion-du-quatre-vingt-dixieme-anniversaire-du-deces-du-poete-chebbi-les-archives-nationales-publient-des-photos-et-des-documents\/#article","isPartOf":{"@id":"https:\/\/www.archives.nat.tn\/fr\/a-loccasion-du-quatre-vingt-dixieme-anniversaire-du-deces-du-poete-chebbi-les-archives-nationales-publient-des-photos-et-des-documents\/"},"author":{"name":"admin","@id":"https:\/\/www.archives.nat.tn\/fr\/#\/schema\/person\/9b93cb5f8eb927a1d946c5b02c6bfb6f"},"headline":"A l\u2019occasion du quatre-vingt-dixi\u00e8me anniversaire du d\u00e9c\u00e8s du po\u00e8te CHEBBI les archives nationales publient des photos et des documents.","datePublished":"2024-10-09T13:57:57+00:00","dateModified":"2024-10-09T14:01:02+00:00","mainEntityOfPage":{"@id":"https:\/\/www.archives.nat.tn\/fr\/a-loccasion-du-quatre-vingt-dixieme-anniversaire-du-deces-du-poete-chebbi-les-archives-nationales-publient-des-photos-et-des-documents\/"},"wordCount":55,"publisher":{"@id":"https:\/\/www.archives.nat.tn\/fr\/#organization"},"image":{"@id":"https:\/\/www.archives.nat.tn\/fr\/a-loccasion-du-quatre-vingt-dixieme-anniversaire-du-deces-du-poete-chebbi-les-archives-nationales-publient-des-photos-et-des-documents\/#primaryimage"},"thumbnailUrl":"https:\/\/www.archives.nat.tn\/wp-content\/uploads\/2024\/10\/Les-90-ans-de-chebbi_compressed-1_page-0001-1.jpg","articleSection":["actualit\u00e9s"],"inLanguage":"fr-FR"},{"@type":"WebPage","@id":"https:\/\/www.archives.nat.tn\/fr\/a-loccasion-du-quatre-vingt-dixieme-anniversaire-du-deces-du-poete-chebbi-les-archives-nationales-publient-des-photos-et-des-documents\/","url":"https:\/\/www.archives.nat.tn\/fr\/a-loccasion-du-quatre-vingt-dixieme-anniversaire-du-deces-du-poete-chebbi-les-archives-nationales-publient-des-photos-et-des-documents\/","name":"A l\u2019occasion du quatre-vingt-dixi\u00e8me anniversaire du d\u00e9c\u00e8s du po\u00e8te CHEBBI les archives nationales publient des photos et des documents. - Archives Nationales de Tunisie","isPartOf":{"@id":"https:\/\/www.archives.nat.tn\/fr\/#website"},"primaryImageOfPage":{"@id":"https:\/\/www.archives.nat.tn\/fr\/a-loccasion-du-quatre-vingt-dixieme-anniversaire-du-deces-du-poete-chebbi-les-archives-nationales-publient-des-photos-et-des-documents\/#primaryimage"},"image":{"@id":"https:\/\/www.archives.nat.tn\/fr\/a-loccasion-du-quatre-vingt-dixieme-anniversaire-du-deces-du-poete-chebbi-les-archives-nationales-publient-des-photos-et-des-documents\/#primaryimage"},"thumbnailUrl":"https:\/\/www.archives.nat.tn\/wp-content\/uploads\/2024\/10\/Les-90-ans-de-chebbi_compressed-1_page-0001-1.jpg","datePublished":"2024-10-09T13:57:57+00:00","dateModified":"2024-10-09T14:01:02+00:00","breadcrumb":{"@id":"https:\/\/www.archives.nat.tn\/fr\/a-loccasion-du-quatre-vingt-dixieme-anniversaire-du-deces-du-poete-chebbi-les-archives-nationales-publient-des-photos-et-des-documents\/#breadcrumb"},"inLanguage":"fr-FR","potentialAction":[{"@type":"ReadAction","target":["https:\/\/www.archives.nat.tn\/fr\/a-loccasion-du-quatre-vingt-dixieme-anniversaire-du-deces-du-poete-chebbi-les-archives-nationales-publient-des-photos-et-des-documents\/"]}]},{"@type":"ImageObject","inLanguage":"fr-FR","@id":"https:\/\/www.archives.nat.tn\/fr\/a-loccasion-du-quatre-vingt-dixieme-anniversaire-du-deces-du-poete-chebbi-les-archives-nationales-publient-des-photos-et-des-documents\/#primaryimage","url":"https:\/\/www.archives.nat.tn\/wp-content\/uploads\/2024\/10\/Les-90-ans-de-chebbi_compressed-1_page-0001-1.jpg","contentUrl":"https:\/\/www.archives.nat.tn\/wp-content\/uploads\/2024\/10\/Les-90-ans-de-chebbi_compressed-1_page-0001-1.jpg","width":2135,"height":1200},{"@type":"BreadcrumbList","@id":"https:\/\/www.archives.nat.tn\/fr\/a-loccasion-du-quatre-vingt-dixieme-anniversaire-du-deces-du-poete-chebbi-les-archives-nationales-publient-des-photos-et-des-documents\/#breadcrumb","itemListElement":[{"@type":"ListItem","position":1,"name":"Accueil","item":"https:\/\/www.archives.nat.tn\/fr\/"},{"@type":"ListItem","position":2,"name":"A l\u2019occasion du quatre-vingt-dixi\u00e8me anniversaire du d\u00e9c\u00e8s du po\u00e8te CHEBBI les archives nationales publient des photos et des documents."}]},{"@type":"WebSite","@id":"https:\/\/www.archives.nat.tn\/fr\/#website","url":"https:\/\/www.archives.nat.tn\/fr\/","name":"Archives Nationales de Tunisie","description":"","publisher":{"@id":"https:\/\/www.archives.nat.tn\/fr\/#organization"},"potentialAction":[{"@type":"SearchAction","target":{"@type":"EntryPoint","urlTemplate":"https:\/\/www.archives.nat.tn\/fr\/?s={search_term_string}"},"query-input":{"@type":"PropertyValueSpecification","valueRequired":true,"valueName":"search_term_string"}}],"inLanguage":"fr-FR"},{"@type":"Organization","@id":"https:\/\/www.archives.nat.tn\/fr\/#organization","name":"Les Archives Nationales de Tunisie","url":"https:\/\/www.archives.nat.tn\/fr\/","logo":{"@type":"ImageObject","inLanguage":"fr-FR","@id":"https:\/\/www.archives.nat.tn\/fr\/#\/schema\/logo\/image\/","url":"http:\/\/www.archives.nat.tn\/wp-content\/uploads\/2022\/07\/logo-ant.png","contentUrl":"http:\/\/www.archives.nat.tn\/wp-content\/uploads\/2022\/07\/logo-ant.png","width":1719,"height":1239,"caption":"Les Archives Nationales de Tunisie"},"image":{"@id":"https:\/\/www.archives.nat.tn\/fr\/#\/schema\/logo\/image\/"}},{"@type":"Person","@id":"https:\/\/www.archives.nat.tn\/fr\/#\/schema\/person\/9b93cb5f8eb927a1d946c5b02c6bfb6f","name":"admin","image":{"@type":"ImageObject","inLanguage":"fr-FR","@id":"https:\/\/www.archives.nat.tn\/fr\/#\/schema\/person\/image\/","url":"https:\/\/secure.gravatar.com\/avatar\/913c1bfcf4e8248c3db121a857b2f3ea401a3da66d6755a432ba1eb4a5e027d9?s=96&d=mm&r=g","contentUrl":"https:\/\/secure.gravatar.com\/avatar\/913c1bfcf4e8248c3db121a857b2f3ea401a3da66d6755a432ba1eb4a5e027d9?s=96&d=mm&r=g","caption":"admin"},"sameAs":["http:\/\/www.archives.nat.tn"],"url":"https:\/\/www.archives.nat.tn\/fr\/author\/admin\/"}]}},"_links":{"self":[{"href":"https:\/\/www.archives.nat.tn\/fr\/wp-json\/wp\/v2\/posts\/3502","targetHints":{"allow":["GET"]}}],"collection":[{"href":"https:\/\/www.archives.nat.tn\/fr\/wp-json\/wp\/v2\/posts"}],"about":[{"href":"https:\/\/www.archives.nat.tn\/fr\/wp-json\/wp\/v2\/types\/post"}],"author":[{"embeddable":true,"href":"https:\/\/www.archives.nat.tn\/fr\/wp-json\/wp\/v2\/users\/1"}],"replies":[{"embeddable":true,"href":"https:\/\/www.archives.nat.tn\/fr\/wp-json\/wp\/v2\/comments?post=3502"}],"version-history":[{"count":2,"href":"https:\/\/www.archives.nat.tn\/fr\/wp-json\/wp\/v2\/posts\/3502\/revisions"}],"predecessor-version":[{"id":3504,"href":"https:\/\/www.archives.nat.tn\/fr\/wp-json\/wp\/v2\/posts\/3502\/revisions\/3504"}],"wp:featuredmedia":[{"embeddable":true,"href":"https:\/\/www.archives.nat.tn\/fr\/wp-json\/wp\/v2\/media\/3498"}],"wp:attachment":[{"href":"https:\/\/www.archives.nat.tn\/fr\/wp-json\/wp\/v2\/media?parent=3502"}],"wp:term":[{"taxonomy":"category","embeddable":true,"href":"https:\/\/www.archives.nat.tn\/fr\/wp-json\/wp\/v2\/categories?post=3502"},{"taxonomy":"post_tag","embeddable":true,"href":"https:\/\/www.archives.nat.tn\/fr\/wp-json\/wp\/v2\/tags?post=3502"}],"curies":[{"name":"wp","href":"https:\/\/api.w.org\/{rel}","templated":true}]}}